[{"id":137,"date":"2025-06-17T10:07:31","date_gmt":"2025-06-17T07:07:31","guid":{"rendered":"https:\/\/www.suomenmaa.fi\/petra-schulze-steinen\/?p=137"},"modified":"2025-06-17T11:00:24","modified_gmt":"2025-06-17T08:00:24","slug":"piiloleikkia-todellisuuden-kanssa","status":"publish","type":"post","link":"https:\/\/www.suomenmaa.fi\/petra-schulze-steinen\/piiloleikkia-todellisuuden-kanssa\/","title":{"rendered":"Piiloleikki\u00e4 todellisuuden kanssa \u2013 mit\u00e4 Saksassa tapahtuu?"},"content":{"rendered":"\n<p>Sunnuntaina 15.6.2025 Saksassa vietettiin kansallista \u201dveteraanip\u00e4iv\u00e4\u00e4\u201d ensimm\u00e4ist\u00e4 kertaa toisen maailmansodan p\u00e4\u00e4ttymisen j\u00e4lkeen. Saksa kipuilee historiansa kanssa edelleenkin. \u201dVeteraaneilla\u201d ei viitattu sotaveteraaneihin, vaan yleens\u00e4 armeijassa palvelleisiin.<\/p>\n\n\n\n<p>Veteraanip\u00e4iv\u00e4 oli osa kampanjointia, jonka tarkoitus on palauttaa puolustusvoimat takaisin ihmisten tietoisuuteen, nostaa puolustusvoimien profiilia ja korostaa armeijan merkityst\u00e4. Maan johto tunnistaa tarpeen, mutta kansalaiset eiv\u00e4t viel\u00e4 siin\u00e4 m\u00e4\u00e4rin, kuin olisi toivottavaa.<\/p>\n\n\n\n<p>Saksassa puolustus ja armeija eiv\u00e4t kuulu kylm\u00e4n sodan j\u00e4lkeiseen ajatteluun, jossa USA:lla ja NATO:lla oli merkitt\u00e4v\u00e4 asema Euroopan ja Saksan puolustuksessa ja Saksa pystyi hiljalleen \u201dulkoistamaan\u201d armeijansa. Suuri osa saksalaisia kokee yhteiskunnan t\u00e4n\u00e4\u00e4n yht\u00e4 turvalliseksi kuin ennen vuotta 2014.<\/p>\n\n\n\n<p>Perimm\u00e4isen\u00e4 syyn\u00e4 Saksan kehittymiselle pasifistiseksi maaksi on voimakas historian painolasti. Se on t\u00e4ysin toisenlainen kuin Suomessa.<\/p>\n\n\n\n<p>Suomi ja Saksa kuuluivat kumpikin toisen maailmansodan h\u00e4vi\u00e4j\u00e4maihin, mutta Suomi tavallaan oli voittaja s\u00e4ilytt\u00e4ess\u00e4\u00e4n itsen\u00e4isyytens\u00e4 \u2013 ainoana \u201dNeuvostoliiton etupiiriin\u201d jaetuista maista. <\/p>\n\n\n\n<p><span class=\"korostus\">Saksassa<\/span> diktatuuri kukistui ja taloudellisesti maa nousi raunioista, mutta syyllisyyden ja h\u00e4pe\u00e4n tunteet ovat dominoineet j\u00e4lkipolvien suhdetta is\u00e4nmaahansa viel\u00e4 vuosia.<\/p>\n\n\n\n<p>T\u00e4h\u00e4n olen itsekin usein t\u00f6rm\u00e4nnyt \u2013 esimerkiksi Suomen itsen\u00e4isyysp\u00e4iv\u00e4n\u00e4 1996 kun kuuntelin (saksalaisen) mieheni kanssa Senaatintorin laidalla Finlandia-hymni\u00e4 Ylioppilaskunnan laulajien esitt\u00e4m\u00e4n\u00e4. Tunnelma oli harras, ja voimakas is\u00e4nmaallisuuden tunne, ylpeys Suomesta, v\u00e4reili ilmassa. <\/p>\n\n\n\n<p>Mieheni sanoi minulle olevansa suomalaisille kateellinen, kun pystymme viett\u00e4m\u00e4\u00e4n t\u00e4llaista juhlaa \u2013 olemaan ylpeit\u00e4 maastamme ilman, ett\u00e4 sit\u00e4 kukaan paheksuu. Saksassa vastaava ei ollut ajateltavissakaan.<\/p>\n\n\n\n<p>Siit\u00e4 kymmenen vuotta my\u00f6hemmin, kes\u00e4ll\u00e4 2006, Saksa otti varovaisen askeleen irti historian kahleista is\u00e4nn\u00f6idess\u00e4\u00e4n jalkapallon MM-kisoja. \u201dKes\u00e4-sadun\u201d \u2013 \u201dSommer-M\u00e4rchen\u201d \u2013 tunnelmassa oli taikaa. Kadut t\u00e4yttyiv\u00e4t juhlivista jalkapallofaneista. H\u00e4vinneetkin iloitsivat. Eri maiden liput liehuivat ja torvet soivat. <\/p>\n\n\n\n<p>Muiden esimerkki\u00e4 seuraten saksalaisetkin uskalsivat koristaa autonsa musta-puna-kulta-lipuin ja osoittaa ylpeytt\u00e4 maansa joukkueen p\u00e4rj\u00e4\u00e4misest\u00e4. T\u00e4m\u00e4 oli uutta.<\/p>\n\n\n\n<p><span class=\"korostus\">Nyt 19 kes\u00e4\u00e4<\/span> my\u00f6hemmin liittokansleri <strong>Friedrich Merz<\/strong> on suuren haasteen edess\u00e4. H\u00e4n on luvannut tehd\u00e4 Saksan asevoimista Euroopan vahvimman. Mutta suuri osa saksalaisista ei ole edelleenk\u00e4\u00e4n siihen valmis.<\/p>\n\n\n\n<p>Osa vastustaa puolustusm\u00e4\u00e4r\u00e4rahojen korottamista taloudellisista syist\u00e4 \u2013 rahaa tarvittaisiin vanhentuneen infrastruktuurin uusimiseen ja sosiaaliturva- ja el\u00e4kej\u00e4rjestelm\u00e4n uudistamiseen. Osa ei edelleenk\u00e4\u00e4n oikeasti pid\u00e4 Ven\u00e4j\u00e4\u00e4 uhkana vaan uskoo hyvien Ven\u00e4j\u00e4-suhteiden palautumiseen. <\/p>\n\n\n\n<p>T\u00e4st\u00e4 esimerkkin\u00e4 on muutaman merkitt\u00e4v\u00e4n Saksan sosiaalidemokraattisen puolueen (hallituspuolue) k\u00e4rkipoliitikon pari p\u00e4iv\u00e4\u00e4 sitten julkaisema poliittinen \u201dmanifesti\u201d, jossa vastustetaan puolustusvoimien varustelua ja vaaditaan keskustelunavausta Ven\u00e4j\u00e4n kanssa.<\/p>\n\n\n\n<p>T\u00e4m\u00e4n lis\u00e4ksi osa saksalaista ehk\u00e4 vain mieluummin \u201dummistaa silm\u00e4ns\u00e4\u201d, sill\u00e4 ajatus sodan uhkasta Euroopassa on ik\u00e4v\u00e4.<\/p>\n\n\n\n<p>Toivotaan, ett\u00e4 Merz onnistuu.<\/p>\n","protected":false},"excerpt":{"rendered":"<p>Sunnuntaina 15.6.2025 Saksassa vietettiin kansallista \u201dveteraanip\u00e4iv\u00e4\u00e4\u201d ensimm\u00e4ist\u00e4 kertaa toisen maailmansodan p\u00e4\u00e4ttymisen j\u00e4lkeen. Saksa kipuilee historiansa kanssa edelleenkin. \u201dVeteraaneilla\u201d ei viitattu sotaveteraaneihin, vaan yleens\u00e4 armeijassa palvelleisiin. Veteraanip\u00e4iv\u00e4 oli osa kampanjointia, jonka tarkoitus on palauttaa puolustusvoimat takaisin ihmisten tietoisuuteen, nostaa puolustusvoimien profiilia ja korostaa armeijan merkityst\u00e4. Maan johto tunnistaa tarpeen, mutta kansalaiset eiv\u00e4t viel\u00e4 siin\u00e4 m\u00e4\u00e4rin, kuin [&hellip;]<\/p>\n","protected":false},"author":33,"featured_media":0,"comment_status":"open","ping_status":"open","sticky":false,"template":"","format":"standard","meta":{"_acf_changed":false,"asauth_ispaid":"","asauth_cansharepaid":"","footnotes":""},"categories":[2],"tags":[],"class_list":["post-137","post","type-post","status-publish","format-standard","hentry","category-blogit"],"acf":[],"sm_post_category_name":"Blogit","sm_post_category_link":"https:\/\/www.suomenmaa.fi\/petra-schulze-steinen\/category\/blogit\/","sm_post_create_date_time":"17.6.2025 10.07","_links":{"self":[{"href":"https:\/\/www.suomenmaa.fi\/petra-schulze-steinen\/wp-json\/wp\/v2\/posts\/137","targetHints":{"allow":["GET"]}}],"collection":[{"href":"https:\/\/www.suomenmaa.fi\/petra-schulze-steinen\/wp-json\/wp\/v2\/posts"}],"about":[{"href":"https:\/\/www.suomenmaa.fi\/petra-schulze-steinen\/wp-json\/wp\/v2\/types\/post"}],"author":[{"embeddable":true,"href":"https:\/\/www.suomenmaa.fi\/petra-schulze-steinen\/wp-json\/wp\/v2\/users\/33"}],"replies":[{"embeddable":true,"href":"https:\/\/www.suomenmaa.fi\/petra-schulze-steinen\/wp-json\/wp\/v2\/comments?post=137"}],"version-history":[{"count":0,"href":"https:\/\/www.suomenmaa.fi\/petra-schulze-steinen\/wp-json\/wp\/v2\/posts\/137\/revisions"}],"wp:attachment":[{"href":"https:\/\/www.suomenmaa.fi\/petra-schulze-steinen\/wp-json\/wp\/v2\/media?parent=137"}],"wp:term":[{"taxonomy":"category","embeddable":true,"href":"https:\/\/www.suomenmaa.fi\/petra-schulze-steinen\/wp-json\/wp\/v2\/categories?post=137"},{"taxonomy":"post_tag","embeddable":true,"href":"https:\/\/www.suomenmaa.fi\/petra-schulze-steinen\/wp-json\/wp\/v2\/tags?post=137"}],"curies":[{"name":"wp","href":"https:\/\/api.w.org\/{rel}","templated":true}]}},{"id":132,"date":"2025-04-04T09:43:42","date_gmt":"2025-04-04T06:43:42","guid":{"rendered":"https:\/\/www.suomenmaa.fi\/petra-schulze-steinen\/?p=132"},"modified":"2025-04-04T09:43:42","modified_gmt":"2025-04-04T06:43:42","slug":"pirhan-aluehallitus-joutuu-tekemaan-arvovalintoja-paattaessaan-ikaihmisten-paivatoiminnasta","status":"publish","type":"post","link":"https:\/\/www.suomenmaa.fi\/petra-schulze-steinen\/pirhan-aluehallitus-joutuu-tekemaan-arvovalintoja-paattaessaan-ikaihmisten-paivatoiminnasta\/","title":{"rendered":"Pirhan aluehallitus joutuu tekem\u00e4\u00e4n arvovalintoja p\u00e4\u00e4tt\u00e4ess\u00e4\u00e4n ik\u00e4ihmisten p\u00e4iv\u00e4toiminnasta"},"content":{"rendered":"\n<p>Enp\u00e4 edellist\u00e4 <a href=\"https:\/\/www.suomenmaa.fi\/petra-schulze-steinen\/hyvinvointialueilla-tapahtuu-valilla-jarki-saattaa-jaada-narikkaan\/\">blogiteksti\u00e4ni<\/a> kirjoittaessa osannut arvata, mink\u00e4 huomion ik\u00e4ihmisten p\u00e4iv\u00e4toiminnan muuttaminen et\u00e4muotoon t\u00e4n\u00e4 kev\u00e4\u00e4n\u00e4 tulee Pirkanmaalla saamaan.\u00a0<\/p>\n\n\n\n<p>Pirkanmaan aluevaltuuston joulukuun kokouksessa keskusta ainoana puolueena selke\u00e4sti vastusti ik\u00e4ihmisten p\u00e4iv\u00e4toiminnan muuttamista et\u00e4muotoon. Syyt vastustukselle lienev\u00e4t selv\u00e4t. Emme usko et\u00e4muotoisen toiminnan tukevan ik\u00e4ihmisten sosiaalista osallisuutta, tai auttavan yll\u00e4pit\u00e4m\u00e4\u00e4n heid\u00e4n toimintakyky\u00e4\u00e4n. Emme usko et\u00e4muotoisen p\u00e4iv\u00e4toiminnan aikaansaamiin s\u00e4\u00e4st\u00f6ihin \u2013 p\u00e4invastoin, kustannuksia syntyy lis\u00e4\u00e4, kun ihmiset joutuvat aikaisemmin turvautumaan raskaampiin palveluihin.<\/p>\n\n\n\n<p><span class=\"korostus\">Vasemmistoliitto<\/span> katsoi, ett\u00e4 \u201dn\u00e4ytt\u00f6\u00f6n perustuva et\u00e4p\u00e4iv\u00e4toiminta\u201d olisi kustannustehokkaan l\u00e4hipalvelun ohella hyv\u00e4ksytt\u00e4v\u00e4 ratkaisu. Muut puolueet asettuivat vasemmistoliiton esityksen taakse. Sittemmin asiasta kirjoiteltiin yleis\u00f6nosastot t\u00e4yteen ja Pirhan aikeita kritisoitiin voimallisesti.<\/p>\n\n\n\n<p>Alkuvuodesta kokoomus kirjoitti lehtiin, ett\u00e4 \u201dPirha on tehnyt v\u00e4\u00e4r\u00e4n p\u00e4\u00e4t\u00f6ksen, joka on oikaistava. Ik\u00e4ihmisten p\u00e4iv\u00e4toimintaa ei voi, ei yksinkertaisesti voi toteuttaa et\u00e4muodossa\u201d. Maaliskuun alussa aluevaltuuston asiaa koskevassa seminaarissa valtuusto oli k\u00e4yt\u00e4nn\u00f6ss\u00e4 yksimielinen siit\u00e4, ett\u00e4 ik\u00e4ihmisten p\u00e4iv\u00e4toimintaa ei voi muuttaa et\u00e4muotoon. Aluehallituksen on m\u00e4\u00e4r\u00e4 k\u00e4sitell\u00e4 asiaa kokouksessaan 14.4., vaalien j\u00e4lkeen.\u00a0<\/p>\n\n\n\n<p><span class=\"korostus\">Keskustan<\/span> ryhm\u00e4ss\u00e4 k\u00e4ydyn keskustelun j\u00e4lkeen esitin, maaliskuun lopulla, Pirhan aluevaltuutetuille, ett\u00e4 allekirjoittaisimme hyvinvointialuelain 99\u00a7:n mukaisen pyynn\u00f6n kutsua aluevaltuusto koolle p\u00e4\u00e4tt\u00e4m\u00e4\u00e4n siit\u00e4, ett\u00e4 ik\u00e4ihmisten p\u00e4iv\u00e4toimintaa ei muuteta et\u00e4muotoon eik\u00e4 lopeteta, <strong>jos<\/strong> aluehallitus ei 14.4. kokouksessaan turvaa kasvokkain tapahtuvan p\u00e4iv\u00e4toiminnan s\u00e4ilymist\u00e4.\u00a0<\/p>\n\n\n\n<p>Yksik\u00e4\u00e4n aluevaltuutettu \u2013 keskustan valtuutettujen lis\u00e4ksi \u2013 ei pyynt\u00f6\u00e4 allekirjoittanut. Saimme moitteet asian politisoinnista vaalien alla melkoisen p-myrskyn kera. Syyksi kielt\u00e4ytymiselle mainittiin my\u00f6s allekirjoituksen olevan turhaa, sill\u00e4 valtuuston tahtotila \u2013 s\u00e4ilytt\u00e4\u00e4 kasvokkain tapahtuva p\u00e4iv\u00e4toiminta \u2013 oli tullut selv\u00e4ksi valtuuston seminaarissa 10.3. eik\u00e4 olisi syyt\u00e4 ep\u00e4ill\u00e4, etteik\u00f6 aluehallitus seuraisi valtuuston tahtoa.<\/p>\n\n\n\n<p><span class=\"korostus\">Tahtotila<\/span> oli tullut meid\u00e4nkin mielest\u00e4mme kaikille selv\u00e4ksi. Siit\u00e4 ei ollut ep\u00e4ilyst\u00e4. Selv\u00e4ksi oli tullut my\u00f6s, ett\u00e4 ik\u00e4ihmisten p\u00e4iv\u00e4toiminnan vuosikustannuksiksi oli laskettu Pirkanmaalla noin 7,7 miljoonaa euroa. Koska rahaa ei tulisi mist\u00e4\u00e4n lis\u00e4\u00e4, joutuisi aluehallitus kokouksessaan 14.4. ratkaisemaan, mist\u00e4 rahat otetaan pois, jos kasvokkainen p\u00e4iv\u00e4toiminta s\u00e4ilytet\u00e4\u00e4n, ja jos meille esitetyt luvut pit\u00e4v\u00e4t paikkansa. Joudutaan siis tekem\u00e4\u00e4n arvovalintoja, jotka keskustan valtuutetut olisivat halunneet saattaa aluevaltuuston k\u00e4sittelyyn.\u00a0<\/p>\n\n\n\n<p>Asia, joka 10.3. valtuuston seminaarissa vaikutti yksinkertaiselta ja yksimieliselt\u00e4, saattaakin muodostua vaikeaksi.&nbsp;<\/p>\n\n\n\n<p><span class=\"korostus\">Paineet<\/span> kasvokkain tapahtuvan p\u00e4iv\u00e4toiminnan s\u00e4ilytt\u00e4miseen ovat kuitenkin nyt kovat. Odotamme vaalien j\u00e4lkeist\u00e4 p\u00e4\u00e4t\u00f6st\u00e4 asiassa toivoen erityisesti, ett\u00e4 ratkaisu tulee olemaan niin hyv\u00e4, ettei siit\u00e4 en\u00e4\u00e4 jatkossa l\u00f6ydy jutun juurta.\u00a0<\/p>\n","protected":false},"excerpt":{"rendered":"<p>Enp\u00e4 edellist\u00e4 blogiteksti\u00e4ni kirjoittaessa osannut arvata, mink\u00e4 huomion ik\u00e4ihmisten p\u00e4iv\u00e4toiminnan muuttaminen et\u00e4muotoon t\u00e4n\u00e4 kev\u00e4\u00e4n\u00e4 tulee Pirkanmaalla saamaan.\u00a0 Pirkanmaan aluevaltuuston joulukuun kokouksessa keskusta ainoana puolueena selke\u00e4sti vastusti ik\u00e4ihmisten p\u00e4iv\u00e4toiminnan muuttamista et\u00e4muotoon. Syyt vastustukselle lienev\u00e4t selv\u00e4t. Emme usko et\u00e4muotoisen toiminnan tukevan ik\u00e4ihmisten sosiaalista osallisuutta, tai auttavan yll\u00e4pit\u00e4m\u00e4\u00e4n heid\u00e4n toimintakyky\u00e4\u00e4n. Emme usko et\u00e4muotoisen p\u00e4iv\u00e4toiminnan aikaansaamiin s\u00e4\u00e4st\u00f6ihin \u2013 p\u00e4invastoin, [&hellip;]<\/p>\n","protected":false},"author":33,"featured_media":0,"comment_status":"open","ping_status":"open","sticky":false,"template":"","format":"standard","meta":{"_acf_changed":false,"asauth_ispaid":"","asauth_cansharepaid":"","footnotes":""},"categories":[2],"tags":[],"class_list":["post-132","post","type-post","status-publish","format-standard","hentry","category-blogit"],"acf":[],"sm_post_category_name":"Blogit","sm_post_category_link":"https:\/\/www.suomenmaa.fi\/petra-schulze-steinen\/category\/blogit\/","sm_post_create_date_time":"4.4.2025 9.43","_links":{"self":[{"href":"https:\/\/www.suomenmaa.fi\/petra-schulze-steinen\/wp-json\/wp\/v2\/posts\/132","targetHints":{"allow":["GET"]}}],"collection":[{"href":"https:\/\/www.suomenmaa.fi\/petra-schulze-steinen\/wp-json\/wp\/v2\/posts"}],"about":[{"href":"https:\/\/www.suomenmaa.fi\/petra-schulze-steinen\/wp-json\/wp\/v2\/types\/post"}],"author":[{"embeddable":true,"href":"https:\/\/www.suomenmaa.fi\/petra-schulze-steinen\/wp-json\/wp\/v2\/users\/33"}],"replies":[{"embeddable":true,"href":"https:\/\/www.suomenmaa.fi\/petra-schulze-steinen\/wp-json\/wp\/v2\/comments?post=132"}],"version-history":[{"count":0,"href":"https:\/\/www.suomenmaa.fi\/petra-schulze-steinen\/wp-json\/wp\/v2\/posts\/132\/revisions"}],"wp:attachment":[{"href":"https:\/\/www.suomenmaa.fi\/petra-schulze-steinen\/wp-json\/wp\/v2\/media?parent=132"}],"wp:term":[{"taxonomy":"category","embeddable":true,"href":"https:\/\/www.suomenmaa.fi\/petra-schulze-steinen\/wp-json\/wp\/v2\/categories?post=132"},{"taxonomy":"post_tag","embeddable":true,"href":"https:\/\/www.suomenmaa.fi\/petra-schulze-steinen\/wp-json\/wp\/v2\/tags?post=132"}],"curies":[{"name":"wp","href":"https:\/\/api.w.org\/{rel}","templated":true}]}},{"id":129,"date":"2025-01-27T16:03:44","date_gmt":"2025-01-27T14:03:44","guid":{"rendered":"https:\/\/www.suomenmaa.fi\/petra-schulze-steinen\/?p=129"},"modified":"2025-01-27T16:03:45","modified_gmt":"2025-01-27T14:03:45","slug":"hyvinvointialueilla-tapahtuu-valilla-jarki-saattaa-jaada-narikkaan","status":"publish","type":"post","link":"https:\/\/www.suomenmaa.fi\/petra-schulze-steinen\/hyvinvointialueilla-tapahtuu-valilla-jarki-saattaa-jaada-narikkaan\/","title":{"rendered":"Hyvinvointialueilla tapahtuu \u2013 v\u00e4lill\u00e4 j\u00e4rki saattaa j\u00e4\u00e4d\u00e4 narikkaan\u00a0"},"content":{"rendered":"\n<p>Pirhan aluevaltuuston kokouksessa 17.12.2024 keskusteltiin kolme tuntia asiakasmaksujen korotuksista ja noin nelj\u00e4 tuntia talousarviosta.&nbsp;<\/p>\n\n\n\n<p>Asiakasmaksut olivat kokouksen asialistalla, sill\u00e4 Suomessa hallitus on valtioneuvoston asetuksen nojalla nostanut asiakasmaksujen enimm\u00e4ism\u00e4\u00e4ri\u00e4 ja v\u00e4hent\u00e4nyt vastaavalla summalla hyvinvointialueiden rahoitusta.&nbsp;<\/p>\n\n\n\n<p><span class=\"korostus\">T\u00e4ss\u00e4<\/span> maamme hallitus asetti hyvinvointialueet puun ja kuoren v\u00e4liin: kun tarvittavaa rahoitusta ei valtiolta tule, t\u00e4ytyi alueen joko p\u00e4\u00e4tt\u00e4\u00e4 nostaa asiakasmaksuja, tehd\u00e4 leikkauksia, tai lis\u00e4t\u00e4 alij\u00e4\u00e4m\u00e4\u00e4.<\/p>\n\n\n\n<p>J\u00e4lkimm\u00e4inen lis\u00e4isi riski\u00e4 siit\u00e4, ett\u00e4 hyvinvointialue ei pystyisi kattamaan vuoden 2026 lopussa alij\u00e4\u00e4mi\u00e4\u00e4n lain edellytt\u00e4m\u00e4ll\u00e4 tavalla ja joutuisi nk. arviointimenettelyyn. T\u00e4m\u00e4 saattaisi johtaa hyvinvointialueen (taloudellisen) itsen\u00e4isyyden menett\u00e4miseen.\u00a0<\/p>\n\n\n\n<p>Pirkanmaalla asiakasmaksuja korotettiin. Kiukkuisen palautteen voi osoittaa Suomen hallitukselle, jonka p\u00e4\u00e4t\u00f6ksen takia Pirha ja sen aluevaltuusto joutuivat valitsemaan \u201druton ja koleran v\u00e4lilt\u00e4\u201d.&nbsp;<\/p>\n\n\n\n<p><span class=\"korostus\">Talousarviopyk\u00e4l\u00e4ss\u00e4<\/span> keskusteltiin pitk\u00e4\u00e4n ik\u00e4ihmisten p\u00e4iv\u00e4toiminnasta \u2013 Pirhassa on nimitt\u00e4in p\u00e4\u00e4tetty lopettaa ik\u00e4ihmisten p\u00e4iv\u00e4toiminta nykymuodossaan kes\u00e4kuun 2025 alusta ja korvata se et\u00e4p\u00e4iv\u00e4toiminnalla.\u00a0<\/p>\n\n\n\n<p>Pirha tulkinnee lains\u00e4\u00e4d\u00e4nt\u00f6\u00e4 siten, ettei ik\u00e4ihmisten p\u00e4iv\u00e4toiminnan tarjoaminen nykymuodossaan kuulu Pirhan vaan kuntien vastuulle.&nbsp;<\/p>\n\n\n\n<p>Sosiaalihuoltolain 19\u00a7 5) kohta kuitenkin edellytt\u00e4\u00e4 hyvinvointialueen tarjoavan tukipalveluna \u201dosallisuutta ja sosiaalista kanssak\u00e4ymist\u00e4 edist\u00e4v\u00e4\u00e4 tai tukevaa palvelua henkil\u00f6n yksil\u00f6llisen tarpeen mukaan\u201d.&nbsp;<\/p>\n\n\n\n<p>On vaikea kuvitella, ett\u00e4 et\u00e4p\u00e4iv\u00e4toiminta t\u00e4ytt\u00e4isi n\u00e4m\u00e4 ehdot \u2013 ainakaan, jos sit\u00e4 tarjotaan ainoana vaihtoehtona henkil\u00f6lle, joka ei pysty teknologiaa hy\u00f6dynt\u00e4m\u00e4\u00e4n. Ent\u00e4 kuinka hoidetaan lakis\u00e4\u00e4teiset peseytymis- tai ateriointipalvelut, joita on tarjottu p\u00e4iv\u00e4toiminnan yhteydess\u00e4? Ehk\u00e4 et\u00e4n\u00e4 ei kuitenkaan\u2026<\/p>\n\n\n\n<p><span class=\"korostus\">Palveluiden<\/span> loppumisesta k\u00e4rsiv\u00e4t aina asiakkaat ja heid\u00e4n omaisensa ja omaishoitajansa siit\u00e4 riippumatta, mink\u00e4 tahon j\u00e4rjestett\u00e4v\u00e4ksi palvelut loppujen lopuksi kuuluisivat.&nbsp;<\/p>\n\n\n\n<p>Jos p\u00e4iv\u00e4toiminnan lopettamisella haetaan kustannuss\u00e4\u00e4st\u00f6j\u00e4, ei niit\u00e4 pidemm\u00e4ll\u00e4 t\u00e4ht\u00e4imell\u00e4 v\u00e4ltt\u00e4m\u00e4tt\u00e4 tule: Kun ik\u00e4ihmisten kotona asumista tukevista kevyemmist\u00e4 palveluista luovutaan, nousevat kustannukset, kun joudutaan nopeammin siirtym\u00e4\u00e4n raskaampiin, ymp\u00e4rivuorokautisen hoivan palveluihin.&nbsp;<\/p>\n\n\n\n<p>Ihmettelen siis, onko tuotakaan p\u00e4\u00e4t\u00f6st\u00e4 harkittu loppuun saakka?&nbsp;<\/p>\n\n\n\n<p><\/p>\n","protected":false},"excerpt":{"rendered":"<p>Pirhan aluevaltuuston kokouksessa 17.12.2024 keskusteltiin kolme tuntia asiakasmaksujen korotuksista ja noin nelj\u00e4 tuntia talousarviosta.&nbsp; Asiakasmaksut olivat kokouksen asialistalla, sill\u00e4 Suomessa hallitus on valtioneuvoston asetuksen nojalla nostanut asiakasmaksujen enimm\u00e4ism\u00e4\u00e4ri\u00e4 ja v\u00e4hent\u00e4nyt vastaavalla summalla hyvinvointialueiden rahoitusta.&nbsp; T\u00e4ss\u00e4 maamme hallitus asetti hyvinvointialueet puun ja kuoren v\u00e4liin: kun tarvittavaa rahoitusta ei valtiolta tule, t\u00e4ytyi alueen joko p\u00e4\u00e4tt\u00e4\u00e4 nostaa asiakasmaksuja, [&hellip;]<\/p>\n","protected":false},"author":33,"featured_media":0,"comment_status":"open","ping_status":"open","sticky":false,"template":"","format":"standard","meta":{"_acf_changed":false,"asauth_ispaid":"","asauth_cansharepaid":"","footnotes":""},"categories":[2],"tags":[],"class_list":["post-129","post","type-post","status-publish","format-standard","hentry","category-blogit"],"acf":[],"sm_post_category_name":"Blogit","sm_post_category_link":"https:\/\/www.suomenmaa.fi\/petra-schulze-steinen\/category\/blogit\/","sm_post_create_date_time":"27.1.2025 16.03","_links":{"self":[{"href":"https:\/\/www.suomenmaa.fi\/petra-schulze-steinen\/wp-json\/wp\/v2\/posts\/129","targetHints":{"allow":["GET"]}}],"collection":[{"href":"https:\/\/www.suomenmaa.fi\/petra-schulze-steinen\/wp-json\/wp\/v2\/posts"}],"about":[{"href":"https:\/\/www.suomenmaa.fi\/petra-schulze-steinen\/wp-json\/wp\/v2\/types\/post"}],"author":[{"embeddable":true,"href":"https:\/\/www.suomenmaa.fi\/petra-schulze-steinen\/wp-json\/wp\/v2\/users\/33"}],"replies":[{"embeddable":true,"href":"https:\/\/www.suomenmaa.fi\/petra-schulze-steinen\/wp-json\/wp\/v2\/comments?post=129"}],"version-history":[{"count":0,"href":"https:\/\/www.suomenmaa.fi\/petra-schulze-steinen\/wp-json\/wp\/v2\/posts\/129\/revisions"}],"wp:attachment":[{"href":"https:\/\/www.suomenmaa.fi\/petra-schulze-steinen\/wp-json\/wp\/v2\/media?parent=129"}],"wp:term":[{"taxonomy":"category","embeddable":true,"href":"https:\/\/www.suomenmaa.fi\/petra-schulze-steinen\/wp-json\/wp\/v2\/categories?post=129"},{"taxonomy":"post_tag","embeddable":true,"href":"https:\/\/www.suomenmaa.fi\/petra-schulze-steinen\/wp-json\/wp\/v2\/tags?post=129"}],"curies":[{"name":"wp","href":"https:\/\/api.w.org\/{rel}","templated":true}]}},{"id":122,"date":"2024-11-05T08:52:52","date_gmt":"2024-11-05T06:52:52","guid":{"rendered":"https:\/\/www.suomenmaa.fi\/petra-schulze-steinen\/?p=122"},"modified":"2024-11-05T15:09:17","modified_gmt":"2024-11-05T13:09:17","slug":"onko-euroopalla-varaa-olla-riippuvainen-usasta","status":"publish","type":"post","link":"https:\/\/www.suomenmaa.fi\/petra-schulze-steinen\/onko-euroopalla-varaa-olla-riippuvainen-usasta\/","title":{"rendered":"Onko Euroopalla varaa olla riippuvainen USA:sta?"},"content":{"rendered":"\n<p>Saksan talous on sudenkuopassa, josta ei nousta ainakaan 5\u201310 vuoteen.<\/p>\n\n\n\n<p>Samaan aikaan Eurooppa, jonka talouden pitk\u00e4aikainen moottori Saksa on ollut, ajautuu yh\u00e4 syvemp\u00e4\u00e4n riippuvuuteen ulkopuolisista raaka-aineen tuottajista.&nbsp;<\/p>\n\n\n\n<p>Kiina-riippuvuuden huoliin EU:ssa her\u00e4ttiin liian my\u00f6h\u00e4\u00e4n. USA-riippuvuutta ei ehk\u00e4 ole edes n\u00e4hty uhkana. Jos kahdesta vaihtoehdosta \u2013 Kiina ja USA \u2013 on valittava, kuuluu Eurooppa historiallisen yhteytens\u00e4 vuoksi ilman muuta USA:n leiriin.&nbsp;<\/p>\n\n\n\n<p><span class=\"korostus\">Mutta mit\u00e4<\/span> Euroopassa tapahtuu, jos <strong>Trump<\/strong> voittaa vaalit?&nbsp;<\/p>\n\n\n\n<p>Eurooppa on riippuvainen USA:n kaupasta, energiasta ja Naton kautta jopa ulko- ja turvallisuuspolitiikasta.<\/p>\n\n\n\n<p>Vienti EU:sta USA:han on tuplaantunut viimeisten kymmenen vuoden aikana, ja pandemian j\u00e4lkeen se kasvoi 50% kavuten t\u00e4m\u00e4n hetkiseen l\u00e4hes 500 miljardin euron vuositasoon.&nbsp;<\/p>\n\n\n\n<p>Trump on osana vaalikampanjaansa uhannut langettaa yleisen 10% tullin kaikille tuontituotteille. Jos Trump tulee valituksi ja toteuttaa uhkansa, tippuisi eurooppalaisten tuotteiden vienti USA:han kokonaisen kolmanneksen \u2013 n\u00e4in arvioi ABN Amron elokuussa 2024. T\u00e4m\u00e4 puolestaan v\u00e4hent\u00e4isi EU:n talouskasvua seuraavien nelj\u00e4n vuoden aikana noin 1,5%.&nbsp;<\/p>\n\n\n\n<blockquote class=\"wp-block-quote is-layout-flow wp-block-quote-is-layout-flow\">\n<p>Ehk\u00e4 kaikkein huolestuttavin riippuvuus on kuitenkin ulko- ja turvallisuuspolitiikan saralla. <\/p>\n<\/blockquote>\n\n\n\n<p><span class=\"korostus\">Euroopassa<\/span> suuriin h\u00e4vi\u00e4jiin kuuluisivat erityisesti Saksa ja sen autoteollisuus, mutta vaikutukset tulisivat n\u00e4kym\u00e4\u00e4n suoraan my\u00f6s Suomessa: Vuoden 2023 tilastoissa USA on Suomelle kolmanneksi suurin vientimaa \u2013 Saksan ja Ruotsin j\u00e4lkeen. My\u00f6s ep\u00e4suoriin vaikutuksiin merkitt\u00e4v\u00e4n kauppakumppanin voidessa huonosti tulisi siis varautua.&nbsp;<\/p>\n\n\n\n<p>Paitsi kaupassa, Eurooppa on riippuvainen USA:sta my\u00f6s energian suhteen. Viime vuonna EU toi USA:sta nestem\u00e4ist\u00e4 kaasua (LNG) 63 miljardia kuutiota, mik\u00e4 on yli kolminkertainen m\u00e4\u00e4r\u00e4 vuoden 2020 18 miljardin kuution tuontiin verrattuna.&nbsp;&nbsp;<\/p>\n\n\n\n<p>Ehk\u00e4 kaikkein huolestuttavin riippuvuus on kuitenkin ulko- ja turvallisuuspolitiikan saralla.<\/p>\n\n\n\n<p>Trump tulisi todenn\u00e4k\u00f6isesti painostamaan eurooppalaisia Nato-maita k\u00e4ytt\u00e4m\u00e4\u00e4n t\u00e4h\u00e4nastista suuremman osan bruttokansantuotteestaan puolustusmenoihin \u2013 2% bruttokansantuotteesta ei ole katto vaan v\u00e4himm\u00e4isvaatimus. Globaalien turvallisuusuhkien aikakaudella t\u00e4m\u00e4 ei ole huono asia, vaikka saattaakin olla joillekin maille vaikeasti saavutettavissa.<\/p>\n\n\n\n<p><span class=\"korostus\">Huolestuttavaa<\/span> tilanteessa meid\u00e4n kannaltamme lienee kuitenkin se, ett\u00e4 ainakaan Trump ei n\u00e4e USA:n roolia en\u00e4\u00e4 Euroopan turvallisuuden turvaajana. USA:n strateginen k\u00e4rki k\u00e4\u00e4ntyy Kiinaan samalla, kun se edellytt\u00e4\u00e4 Euroopan ottavan merkitt\u00e4v\u00e4mm\u00e4n roolin sille maantieteellisesti l\u00e4heisemm\u00e4ll\u00e4 alueella \u2013 Ukrainassa.<\/p>\n\n\n\n<p>T\u00e4m\u00e4 tulisi olemaan muutos, sill\u00e4 toistaiseksi USA on ollut suurin yksitt\u00e4inen sotilaallisen avun toimittaja Ukrainaan.&nbsp;<\/p>\n\n\n\n<p>T\u00e4t\u00e4 taustaa vasten tihenev\u00e4\u00e4n tahtiin tulevat uutiset erityisesti Saksan ja Ranskan heikosta talouden tilasta eiv\u00e4t ole rohkaisevaa luettavaa.&nbsp;<\/p>\n\n\n\n<p>Siit\u00e4 huolimatta Euroopan on pystytt\u00e4v\u00e4 panostamaan jatkossa voimakkaammin omaan turvallisuuteen ja sen tuottamiseen. Euroopan strateginen autonomia on viet\u00e4v\u00e4 puheista teoiksi, sill\u00e4 siit\u00e4 riippumatta, kumpi voittaa USA:n vaalit, Euroopan on oltava USA:lle varteenotettava ja merkitt\u00e4v\u00e4 kumppani siit\u00e4 riippuvaisen suojatin sijaan.<\/p>\n","protected":false},"excerpt":{"rendered":"<p>Saksan talous on sudenkuopassa, josta ei nousta ainakaan 5\u201310 vuoteen. Samaan aikaan Eurooppa, jonka talouden pitk\u00e4aikainen moottori Saksa on ollut, ajautuu yh\u00e4 syvemp\u00e4\u00e4n riippuvuuteen ulkopuolisista raaka-aineen tuottajista.&nbsp; Kiina-riippuvuuden huoliin EU:ssa her\u00e4ttiin liian my\u00f6h\u00e4\u00e4n. USA-riippuvuutta ei ehk\u00e4 ole edes n\u00e4hty uhkana. Jos kahdesta vaihtoehdosta \u2013 Kiina ja USA \u2013 on valittava, kuuluu Eurooppa historiallisen yhteytens\u00e4 vuoksi [&hellip;]<\/p>\n","protected":false},"author":33,"featured_media":0,"comment_status":"open","ping_status":"open","sticky":false,"template":"","format":"standard","meta":{"_acf_changed":false,"asauth_ispaid":"","asauth_cansharepaid":"","footnotes":""},"categories":[2],"tags":[],"class_list":["post-122","post","type-post","status-publish","format-standard","hentry","category-blogit"],"acf":[],"sm_post_category_name":"Blogit","sm_post_category_link":"https:\/\/www.suomenmaa.fi\/petra-schulze-steinen\/category\/blogit\/","sm_post_create_date_time":"5.11.2024 8.52","_links":{"self":[{"href":"https:\/\/www.suomenmaa.fi\/petra-schulze-steinen\/wp-json\/wp\/v2\/posts\/122","targetHints":{"allow":["GET"]}}],"collection":[{"href":"https:\/\/www.suomenmaa.fi\/petra-schulze-steinen\/wp-json\/wp\/v2\/posts"}],"about":[{"href":"https:\/\/www.suomenmaa.fi\/petra-schulze-steinen\/wp-json\/wp\/v2\/types\/post"}],"author":[{"embeddable":true,"href":"https:\/\/www.suomenmaa.fi\/petra-schulze-steinen\/wp-json\/wp\/v2\/users\/33"}],"replies":[{"embeddable":true,"href":"https:\/\/www.suomenmaa.fi\/petra-schulze-steinen\/wp-json\/wp\/v2\/comments?post=122"}],"version-history":[{"count":0,"href":"https:\/\/www.suomenmaa.fi\/petra-schulze-steinen\/wp-json\/wp\/v2\/posts\/122\/revisions"}],"wp:attachment":[{"href":"https:\/\/www.suomenmaa.fi\/petra-schulze-steinen\/wp-json\/wp\/v2\/media?parent=122"}],"wp:term":[{"taxonomy":"category","embeddable":true,"href":"https:\/\/www.suomenmaa.fi\/petra-schulze-steinen\/wp-json\/wp\/v2\/categories?post=122"},{"taxonomy":"post_tag","embeddable":true,"href":"https:\/\/www.suomenmaa.fi\/petra-schulze-steinen\/wp-json\/wp\/v2\/tags?post=122"}],"curies":[{"name":"wp","href":"https:\/\/api.w.org\/{rel}","templated":true}]}},{"id":118,"date":"2024-10-17T09:01:30","date_gmt":"2024-10-17T06:01:30","guid":{"rendered":"https:\/\/www.suomenmaa.fi\/petra-schulze-steinen\/?p=118"},"modified":"2024-10-17T09:02:37","modified_gmt":"2024-10-17T06:02:37","slug":"valtio-kiristaa-hyvinvointialueita-nurkkaan","status":"publish","type":"post","link":"https:\/\/www.suomenmaa.fi\/petra-schulze-steinen\/valtio-kiristaa-hyvinvointialueita-nurkkaan\/","title":{"rendered":"Valtio kirist\u00e4\u00e4 hyvinvointialueita nurkkaan"},"content":{"rendered":"\n<p>Valtio aikoo kirist\u00e4\u00e4 hyvinvointialueiden (HVA) talouden valvontaa. Tarkempaan syyniin ovat joutuneet Lappi, Keski-Suomi, Kanta-H\u00e4me, Satakunta, It\u00e4-Uusimaa sek\u00e4 Vantaa-Kerava.<\/p>\n\n\n\n<p>Pit\u00e4isi kuitenkin muistaa, ett\u00e4 HVA:n rahoitusta koskeva laki s\u00e4\u00e4dettiin ennen Ven\u00e4j\u00e4n hy\u00f6kk\u00e4yssotaa ja covid-pandemiaa, jotka inflaation kiihdytt\u00e4jin\u00e4 ovat nostaneet alueiden korko- ja muita kustannuksia. Rahoituslakeja laadittaessa ei tiedetty, kuinka paljon korjaus- ja investointivelkaa kunnilta siirtyi alueille. Korona-ajan hoitovelkakin on nostanut kustannuksia.\u00a0<\/p>\n\n\n\n<p><span class=\"korostus\">Alueiden<\/span> on lain mukaan saatava ensimm\u00e4isten vuosien alij\u00e4\u00e4m\u00e4t kurottua umpeen vuoden 2026 alkuun menness\u00e4.\u00a0<\/p>\n\n\n\n<p>Aikataulu ei ole realistinen.&nbsp;<\/p>\n\n\n\n<p>Jos aikataulussa ei pysyt\u00e4, joutuu HVA nk. arviointimenettelyyn, jossa arvioidaan, pystyyk\u00f6 alue j\u00e4rjest\u00e4m\u00e4\u00e4n asukkailleen sote- ja pelastuspalvelut yhdenvertaisesti ja kohtuullisin kustannuksin, vai onko kyky ilmeisesti vaarantunut.\u00a0<\/p>\n\n\n\n<p>Menettelyn seurauksena alue voidaan liitt\u00e4\u00e4 toiseen HVA:seen.<\/p>\n\n\n\n<p>Pelko itsem\u00e4\u00e4r\u00e4\u00e4misoikeuden menett\u00e4misest\u00e4 alij\u00e4\u00e4m\u00e4isen talouden vuoksi ajaa alueita tekem\u00e4\u00e4n rajuja s\u00e4\u00e4st\u00f6toimia \u2013 leikkaamaan sote- ja pelastuspalveluista enemm\u00e4n kuin j\u00e4rjestelm\u00e4\u00e4 suunniteltaessa oli mahdollista ottaa huomioon. Samaan aikaan alueen kyky tuottaa asukkaille yhdenvertaisia ja kohtuullisen hintaisia palveluita heikkenee, mik\u00e4 puolestaan vaikuttaa negatiivisesti alueen itsem\u00e4\u00e4r\u00e4\u00e4misoikeuden arviointiin. Noidankeh\u00e4 on valmis.\u00a0<\/p>\n\n\n\n<blockquote class=\"wp-block-quote is-layout-flow wp-block-quote-is-layout-flow\">\n<p>Ainoa j\u00e4rkev\u00e4 ratkaisu olisi siirt\u00e4\u00e4 vuoden 2026 m\u00e4\u00e4r\u00e4aikaa muutamalla vuodella eteenp\u00e4in.<\/p>\n<\/blockquote>\n\n\n\n<p><span class=\"korostus\">Maamme<\/span> hallitus esitt\u00e4\u00e4 HVA-lakiin kiristyksi\u00e4, joilla lis\u00e4t\u00e4\u00e4n valtion ja v\u00e4hennet\u00e4\u00e4n alueen m\u00e4\u00e4r\u00e4ysvaltaa. Toisin kuin nyt, arviointimenettely voitaisiin k\u00e4ynnist\u00e4\u00e4 heti ensimm\u00e4isen lis\u00e4rahoituksen my\u00f6nt\u00e4misen j\u00e4lkeen. Menettelyss\u00e4 selvitett\u00e4isiin <strong>aina<\/strong> mahdollisuudet HVA:iden yhdist\u00e4miseen.\u00a0<\/p>\n\n\n\n<p>HVA-uudistus on Suomen historian suurin ja kansainv\u00e4lisestikin massiivisen kokoinen j\u00e4rjestely. Uudistus toimeenpantiin \u201dy\u00f6n yli\u201d, mutta on turha kuvitella, ett\u00e4 se valmistuisi y\u00f6n yli.&nbsp;<\/p>\n\n\n\n<p>Mik\u00e4\u00e4n j\u00e4rjestelm\u00e4 ei pysty yskim\u00e4tt\u00e4 nielem\u00e4\u00e4n niin suuria muutoksia, kuin siirtyminen kunnilta HVA:lle on sote- ja pelastuspalveluille teett\u00e4nyt. Mahdolliset HVA:n yhdist\u00e4miset aloittaisivat j\u00e4rjestelyntarpeet uudelleen. Mutta nyt tarvitaan alueille ty\u00f6rauha uudistua.\u00a0Ei Suomen valtiollakaan olisi varaa ottaa vastaan kaatuvia HVA:ita.\u00a0<\/p>\n\n\n\n<p><span class=\"korostus\">Ainoa<\/span> j\u00e4rkev\u00e4 ratkaisu olisi siirt\u00e4\u00e4 vuoden 2026 m\u00e4\u00e4r\u00e4aikaa muutamalla vuodella eteenp\u00e4in, jotta alueilla olisi aikaa ja todellinen mahdollisuus suunnitella s\u00e4\u00e4st\u00f6toimensa ja tarvittavat j\u00e4rjestelyt tutkitun tiedon, saatujen kokemusten ja k\u00e4ytett\u00e4viss\u00e4 olevan teknologian avulla \u2013 j\u00e4rkev\u00e4sti tulevaisuuteen varustautuen.\u00a0<\/p>\n\n\n\n<p>Lyhytn\u00e4k\u00f6iset leikkaukset tulevat kalliiksi, eik\u00e4 ik\u00e4\u00e4ntyv\u00e4ll\u00e4 Suomella ole siihen varaa.&nbsp;<\/p>\n","protected":false},"excerpt":{"rendered":"<p>Valtio aikoo kirist\u00e4\u00e4 hyvinvointialueiden (HVA) talouden valvontaa. Tarkempaan syyniin ovat joutuneet Lappi, Keski-Suomi, Kanta-H\u00e4me, Satakunta, It\u00e4-Uusimaa sek\u00e4 Vantaa-Kerava. Pit\u00e4isi kuitenkin muistaa, ett\u00e4 HVA:n rahoitusta koskeva laki s\u00e4\u00e4dettiin ennen Ven\u00e4j\u00e4n hy\u00f6kk\u00e4yssotaa ja covid-pandemiaa, jotka inflaation kiihdytt\u00e4jin\u00e4 ovat nostaneet alueiden korko- ja muita kustannuksia. Rahoituslakeja laadittaessa ei tiedetty, kuinka paljon korjaus- ja investointivelkaa kunnilta siirtyi alueille. Korona-ajan [&hellip;]<\/p>\n","protected":false},"author":33,"featured_media":0,"comment_status":"open","ping_status":"open","sticky":false,"template":"","format":"standard","meta":{"_acf_changed":false,"asauth_ispaid":"","asauth_cansharepaid":"","footnotes":""},"categories":[2],"tags":[],"class_list":["post-118","post","type-post","status-publish","format-standard","hentry","category-blogit"],"acf":[],"sm_post_category_name":"Blogit","sm_post_category_link":"https:\/\/www.suomenmaa.fi\/petra-schulze-steinen\/category\/blogit\/","sm_post_create_date_time":"17.10.2024 9.01","_links":{"self":[{"href":"https:\/\/www.suomenmaa.fi\/petra-schulze-steinen\/wp-json\/wp\/v2\/posts\/118","targetHints":{"allow":["GET"]}}],"collection":[{"href":"https:\/\/www.suomenmaa.fi\/petra-schulze-steinen\/wp-json\/wp\/v2\/posts"}],"about":[{"href":"https:\/\/www.suomenmaa.fi\/petra-schulze-steinen\/wp-json\/wp\/v2\/types\/post"}],"author":[{"embeddable":true,"href":"https:\/\/www.suomenmaa.fi\/petra-schulze-steinen\/wp-json\/wp\/v2\/users\/33"}],"replies":[{"embeddable":true,"href":"https:\/\/www.suomenmaa.fi\/petra-schulze-steinen\/wp-json\/wp\/v2\/comments?post=118"}],"version-history":[{"count":0,"href":"https:\/\/www.suomenmaa.fi\/petra-schulze-steinen\/wp-json\/wp\/v2\/posts\/118\/revisions"}],"wp:attachment":[{"href":"https:\/\/www.suomenmaa.fi\/petra-schulze-steinen\/wp-json\/wp\/v2\/media?parent=118"}],"wp:term":[{"taxonomy":"category","embeddable":true,"href":"https:\/\/www.suomenmaa.fi\/petra-schulze-steinen\/wp-json\/wp\/v2\/categories?post=118"},{"taxonomy":"post_tag","embeddable":true,"href":"https:\/\/www.suomenmaa.fi\/petra-schulze-steinen\/wp-json\/wp\/v2\/tags?post=118"}],"curies":[{"name":"wp","href":"https:\/\/api.w.org\/{rel}","templated":true}]}},{"id":114,"date":"2024-05-06T08:51:15","date_gmt":"2024-05-06T05:51:15","guid":{"rendered":"https:\/\/www.suomenmaa.fi\/petra-schulze-steinen\/?p=114"},"modified":"2024-05-06T08:51:16","modified_gmt":"2024-05-06T05:51:16","slug":"nyt-jos-koskaan-on-aanestettava-eu-vaaleissa","status":"publish","type":"post","link":"https:\/\/www.suomenmaa.fi\/petra-schulze-steinen\/nyt-jos-koskaan-on-aanestettava-eu-vaaleissa\/","title":{"rendered":"Nyt jos koskaan on \u00e4\u00e4nestett\u00e4v\u00e4 EU-vaaleissa"},"content":{"rendered":"\n<p>Vaikka en asettunut ehdolle EU-vaaleissa, olen miettinyt paljon Euroopan tulevaisuutta. Edelleenkin olen suunnasta huolissani \u2013 viel\u00e4 enemm\u00e4n kuin viisi vuotta sitten.<\/p>\n\n\n\n<p>Kirjoitan t\u00e4m\u00e4n p\u00e4iv\u00e4n blogiini asioista, joihin erityisesti tulen kiinnitt\u00e4m\u00e4\u00e4n huomiota valitessani ehdokasta.<\/p>\n\n\n\n<p>EU on kokoelma vastakohtaisuuksia ja sen toiminta on omalla tavallaan paradoksi.&nbsp;<\/p>\n\n\n\n<p>Me \u2013 Suomi pienen\u00e4, syrj\u00e4isen\u00e4 maana \u2013 tarvitsemme EU:ta erityisesti taloudellisista syist\u00e4 tullivapaiden sis\u00e4markkinoiden vuoksi, mutta nyky\u00e4\u00e4n entist\u00e4 voimakkaammin my\u00f6s turvallisuuspoliittisista syist\u00e4, osana l\u00e4ntist\u00e4 Nato-yhteensopivaa turvallisuusyhteis\u00f6\u00e4.&nbsp;<\/p>\n\n\n\n<p>Suomen EU-j\u00e4senyydest\u00e4 tulee kuluneeksi pian 30 vuotta. Sin\u00e4 aikana maailma ja EU sen mukana ovat muuttuneet paljon. Mutta ovatko kaikki ratkaisut olleet oikeita?&nbsp;<\/p>\n\n\n\n<p><span class=\"korostus\">Nostan<\/span> alkuun kriittisesti esiin EU:n teollisuuspolitiikan \u2013 tai sen puuttumisen. EU:n valtiontuki- ja kilpailupolitiikalla pyrit\u00e4\u00e4n turvaamaan EU:n sis\u00e4markkinoilla toimiville yrityksille tasavertaiset mahdollisuudet. T\u00e4m\u00e4 on yht\u00e4\u00e4lt\u00e4 hyv\u00e4, mutta toisaalta est\u00e4\u00e4 EU:ta ajamasta etujaan mailmanlaajuisessa kehityksess\u00e4.\u00a0<\/p>\n\n\n\n<p>Suuntaa olisi muutettava siten, ett\u00e4 suurille globaalisti kilpailukykyisille yrityksille \u2013 ja jopa kansallisille suuryrityksille (national champions) suotaisiin mahdollisuus kehitty\u00e4, mutta samalla turvattaisiin pienempien yritysten mahdollisuudet toimia. T\u00e4m\u00e4 tarkoittaisi EU:n kilpailu- ja teollisuuspolitiikan uudistamista sopivaksi sek\u00e4 suurille ett\u00e4 pienille \u2013 kahden tien politiikkaa.&nbsp;<\/p>\n\n\n\n<p>EU sai alkunsa ajatuksesta yhdist\u00e4\u00e4 kesken\u00e4\u00e4n sotaa k\u00e4yneiden maiden voimavarat, jotta sotia ei en\u00e4\u00e4 tulisi ja j\u00e4senvaltiot vaurastuisivat. Kehitys kulki pitk\u00e4\u00e4n juuri n\u00e4in.\u00a0<\/p>\n\n\n\n<blockquote class=\"wp-block-quote is-layout-flow wp-block-quote-is-layout-flow\">\n<p>Jos Eurooppa j\u00e4\u00e4 maailmassa yksin, eristetyksi omaan nurkkaansa, ilman t\u00e4rkeit\u00e4 raaka-aineita, patentteja ja kauppakumppaneista, j\u00e4\u00e4 se viime k\u00e4dess\u00e4 eristetyksi vaikutusmahdollisuuksista siihen, ett\u00e4 maailma olisi parempi paikka.<\/p>\n<\/blockquote>\n\n\n\n<p><span class=\"korostus\">Viisi<\/span> vuotta sitten valittu Euroopan komissio oli ensimm\u00e4inen, joka ei asettanut EU:n j\u00e4senmaiden etua etusijalle, vaan on keskittynyt identiteettipoliittiseen arvojen puolustamiseen.\u00a0<\/p>\n\n\n\n<p>Eurooppalaisia arvoja on puolustettava! Tarpeen on kuitenkin tehd\u00e4 ero siin\u00e4, milloin niiden kautta lis\u00e4t\u00e4\u00e4n eurooppalaisten hyvinvointia ja million hinnalla mill\u00e4 hyv\u00e4ns\u00e4 niit\u00e4 puolustaessa j\u00e4tet\u00e4\u00e4n tuleville polville entist\u00e4 suuremmat ongelmat.&nbsp;<\/p>\n\n\n\n<p>Jos EU ei esimerkiksi solmi kauppasopimuksia maiden kanssa, jotka pit\u00e4v\u00e4t hallussaan p\u00e4\u00e4sy\u00e4 t\u00e4rkeisiin raaka-aineisiin, emme pysty rakentamaan strategisesti autonomista Eurooppaa.<\/p>\n\n\n\n<p>T\u00e4ss\u00e4 on kyse paradoksista, johon alussa viittasin: Jos Eurooppa j\u00e4\u00e4 maailmassa yksin, eristetyksi omaan nurkkaansa, ilman t\u00e4rkeit\u00e4 raaka-aineita, patentteja ja kauppakumppaneista, j\u00e4\u00e4 se viime k\u00e4dess\u00e4 eristetyksi vaikutusmahdollisuuksista siihen, ett\u00e4 maailma olisi parempi paikka. Paikka, jossa t\u00e4rkeill\u00e4 eurooppalaisilla arvoilla olisi merkityst\u00e4.\u00a0<\/p>\n\n\n\n<p><span class=\"korostus\">T\u00e4ss\u00e4<\/span> kehityksess\u00e4 merkitt\u00e4v\u00e4 rooli on my\u00f6s EU:n laajentumispolitiikalla. Kun neuvottelut Balkanin maiden EU-j\u00e4senyydest\u00e4 t\u00f6kkiv\u00e4t, vaanii Kiina nurkan takana valmiina ottamaan omaan etupiiriins\u00e4 my\u00f6s EU:n l\u00e4hinaapurit.\u00a0<\/p>\n\n\n\n<p>T\u00e4st\u00e4 huolimatta, EU-j\u00e4seniksi pyrkivilt\u00e4 on ehdottomasti vaadittava eurooppalaisten arvojen noudattamista, oikeusvaltioperiaatteesta kiinnipit\u00e4mist\u00e4 ja korruption vastaisen politiikan omaksumisesta.&nbsp;<\/p>\n\n\n\n<p>EU:n ei tule astua j\u00e4senvaltioille kuuluville alueille. T\u00e4st\u00e4 merkitt\u00e4vimpi\u00e4 viime aikojen esimerkkej\u00e4 ovat mets\u00e4t ja sosiaalipolitiikka.&nbsp;<\/p>\n\n\n\n<p><span class=\"korostus\">J\u00e4senvaltioiden<\/span> toimivaltaa mets\u00e4politiikassa pyrit\u00e4\u00e4n murtamaan EU:n toimivaltaan kuuluvan ymp\u00e4rist\u00f6politiikan turvin. Sosiaalipolitiikka kuuluu (t\u00e4ysin erilaiset sosiaaliturvaj\u00e4rjestelm\u00e4t omaavien) j\u00e4senvaltioiden toimivaltaan. Siihen EU pyrkii puuttumaan esim. ty\u00f6voiman vapaan liikkuvuuden tai ymp\u00e4rist\u00f6politiikan kautta. T\u00e4llaista kehityst\u00e4 ei tulisi hyv\u00e4ksy\u00e4.\u00a0<\/p>\n\n\n\n<p>Jos EU:n toimivaltuuksia haluttaisiin lis\u00e4t\u00e4, tulisi se tehd\u00e4 selke\u00e4sti s\u00e4\u00e4nt\u00f6jen mukaan.&nbsp;<\/p>\n\n\n\n<p>Viisi vuotta sitten EU-vaalien alla ei ollut sotaa Ven\u00e4j\u00e4n ja Ukrainan v\u00e4lill\u00e4 eik\u00e4 Palestiinassa. Energiansaanti vaikutti turvatulta ja pandemiat olivat tuttuja science fiction kirjoista. Nyt ollaan monessa muussakin suhteessa t\u00e4ysin eri tilanteessa.&nbsp;<\/p>\n\n\n\n<p><span class=\"korostus\">Uskon<\/span>, ett\u00e4 yh\u00e4 monimutkaisemmaksi k\u00e4yv\u00e4ss\u00e4 maailmassa EU:n kansainv\u00e4linen\u00a0rooli on kutistumassa, mutta sen vaikutusvalta j\u00e4senvaltioiden asioihin tulee kasvamaan.\u00a0<\/p>\n\n\n\n<p>T\u00e4st\u00e4 syyst\u00e4 \u2013 mihin tahansa suuntaan ja mink\u00e4 tahansa arvojen puolesta haluat EU:ssa toimittavan, nyt on t\u00e4rke\u00e4t\u00e4 k\u00e4ytt\u00e4\u00e4 \u00e4\u00e4nioikeuttasi kes\u00e4kuun alun EU-vaaleissa.&nbsp;<\/p>\n","protected":false},"excerpt":{"rendered":"<p>Vaikka en asettunut ehdolle EU-vaaleissa, olen miettinyt paljon Euroopan tulevaisuutta. Edelleenkin olen suunnasta huolissani \u2013 viel\u00e4 enemm\u00e4n kuin viisi vuotta sitten. Kirjoitan t\u00e4m\u00e4n p\u00e4iv\u00e4n blogiini asioista, joihin erityisesti tulen kiinnitt\u00e4m\u00e4\u00e4n huomiota valitessani ehdokasta. EU on kokoelma vastakohtaisuuksia ja sen toiminta on omalla tavallaan paradoksi.&nbsp; Me \u2013 Suomi pienen\u00e4, syrj\u00e4isen\u00e4 maana \u2013 tarvitsemme EU:ta erityisesti taloudellisista [&hellip;]<\/p>\n","protected":false},"author":33,"featured_media":0,"comment_status":"open","ping_status":"open","sticky":false,"template":"","format":"standard","meta":{"_acf_changed":false,"asauth_ispaid":"","asauth_cansharepaid":"","footnotes":""},"categories":[2],"tags":[],"class_list":["post-114","post","type-post","status-publish","format-standard","hentry","category-blogit"],"acf":[],"sm_post_category_name":"Blogit","sm_post_category_link":"https:\/\/www.suomenmaa.fi\/petra-schulze-steinen\/category\/blogit\/","sm_post_create_date_time":"6.5.2024 8.51","_links":{"self":[{"href":"https:\/\/www.suomenmaa.fi\/petra-schulze-steinen\/wp-json\/wp\/v2\/posts\/114","targetHints":{"allow":["GET"]}}],"collection":[{"href":"https:\/\/www.suomenmaa.fi\/petra-schulze-steinen\/wp-json\/wp\/v2\/posts"}],"about":[{"href":"https:\/\/www.suomenmaa.fi\/petra-schulze-steinen\/wp-json\/wp\/v2\/types\/post"}],"author":[{"embeddable":true,"href":"https:\/\/www.suomenmaa.fi\/petra-schulze-steinen\/wp-json\/wp\/v2\/users\/33"}],"replies":[{"embeddable":true,"href":"https:\/\/www.suomenmaa.fi\/petra-schulze-steinen\/wp-json\/wp\/v2\/comments?post=114"}],"version-history":[{"count":0,"href":"https:\/\/www.suomenmaa.fi\/petra-schulze-steinen\/wp-json\/wp\/v2\/posts\/114\/revisions"}],"wp:attachment":[{"href":"https:\/\/www.suomenmaa.fi\/petra-schulze-steinen\/wp-json\/wp\/v2\/media?parent=114"}],"wp:term":[{"taxonomy":"category","embeddable":true,"href":"https:\/\/www.suomenmaa.fi\/petra-schulze-steinen\/wp-json\/wp\/v2\/categories?post=114"},{"taxonomy":"post_tag","embeddable":true,"href":"https:\/\/www.suomenmaa.fi\/petra-schulze-steinen\/wp-json\/wp\/v2\/tags?post=114"}],"curies":[{"name":"wp","href":"https:\/\/api.w.org\/{rel}","templated":true}]}},{"id":111,"date":"2024-02-09T08:00:00","date_gmt":"2024-02-09T06:00:00","guid":{"rendered":"https:\/\/www.suomenmaa.fi\/petra-schulze-steinen\/?p=111"},"modified":"2024-02-08T18:31:29","modified_gmt":"2024-02-08T16:31:29","slug":"toimivaltaa-silmanlumeeksi","status":"publish","type":"post","link":"https:\/\/www.suomenmaa.fi\/petra-schulze-steinen\/toimivaltaa-silmanlumeeksi\/","title":{"rendered":"Toimivaltaa silm\u00e4nlumeeksi\u00a0"},"content":{"rendered":"\n<p>Marraskuun 2023 alussa 34 Pirkanmaan aluevaltuutettua teki hyvinvointialuelain (HVL) 99\u00a7 mukaisen pyynn\u00f6n hallintos\u00e4\u00e4nn\u00f6n muuttamisesta, jotta toimivalta palveluverkkop\u00e4\u00e4t\u00f6ksiss\u00e4 palautetaan aluevaltuustolle.<\/p>\n\n\n\n<p>Lain mukaan p\u00e4\u00e4t\u00f6s tuli valmistella kiireellisen\u00e4. Valmisteluun on kulunut yli kolme kuukautta. Satakunnassa vastaava p\u00e4\u00e4t\u00f6s valmisteltiin suunnilleen kuukaudessa.<\/p>\n\n\n\n<p><span class=\"korostus\">Viiveen<\/span> osasyyksi on mainittu, etteiv\u00e4t Pirkanmaan hyvinvointialueen (Pirha) palveluverkkop\u00e4\u00e4t\u00f6kset ole yksinkertaisia, vaan koostuvat useasta hyvinvointialuestrategiaa toimeenpanevasta ohjelmasta ja suunnitelmasta. Pirhan p\u00e4\u00e4t\u00f6ksentekoj\u00e4rjestelm\u00e4 rakentuu aluevaltuuston p\u00e4\u00e4tt\u00e4m\u00e4\u00e4n strategiaan, jota aluehallitus ja viranhaltijat panevat toimeen erilaisin ohjelmin, suunnitelmin ja alemmantasoisin viranhaltijap\u00e4\u00e4t\u00f6ksin.<\/p>\n\n\n\n<p>L\u00e4ht\u00f6kohdaksi t\u00e4m\u00e4 on hyv\u00e4. Strategioita ei tule rakentaa p\u00f6yt\u00e4laatikkoon. Jos strategia antaa selke\u00e4t suuntaviivat ja linjaukset, voi se olla tehokas ty\u00f6kalu. Jos strategia kuitenkin j\u00e4\u00e4 abstraktiksi, kesken\u00e4\u00e4n ristiriitaistenkin tavoitteiden ja toiveiden kokoelmaksi, puuttuu ohjaava vaikutus ja vasta toimeenpano luo sis\u00e4ll\u00f6n.<\/p>\n\n\n\n<p><span class=\"korostus\">N\u00e4in on<\/span> k\u00e4ynyt Pirhassa. Toisekseen Pirha soveltaa ainoana Suomessa my\u00f6s nk. valiokuntamallia, jossa p\u00e4\u00e4t\u00f6svaltaa ei ole kunnallishallinnon tavoin jaettu lautakunnille, vaan p\u00e4\u00e4t\u00f6kset tehd\u00e4\u00e4n aluehallituksessa ja sen alaisissa jaostoissa. Valiokunnat eiv\u00e4t ole p\u00e4\u00e4t\u00f6ksentekoelimi\u00e4.<\/p>\n\n\n\n<p>Pirhassa valiokuntien kokouksia on jouduttu k\u00e4sitelt\u00e4vien asioiden puutteesta perumaan. Aluehallituksen p\u00e4\u00e4t\u00f6kset \u2013 toisin kuin valtuuston p\u00e4\u00e4t\u00f6kset \u2013 tehd\u00e4\u00e4n suljettujen ovien takana. T\u00e4st\u00e4 huolimatta, tai ehk\u00e4 juuri siit\u00e4 syyst\u00e4, yksik\u00e4\u00e4n valtuuston toimivaltaa parantava esitys ei toistaiseksi ole mennyt valtuustossa l\u00e4pi.\u00a0 <\/p>\n\n\n\n<p><span class=\"korostus\">Toisaalta<\/span> p\u00e4\u00e4t\u00f6ksentekoj\u00e4rjestelm\u00e4n karu totuus alkoi n\u00e4ytt\u00e4yty\u00e4 valtuutetuille vasta syksyll\u00e4 2023, kun aluehallitukseen tuotiin nopealla tahdilla terveys- ja sote-asemien sulkup\u00e4\u00e4t\u00f6ksi\u00e4.<\/p>\n\n\n\n<p>Yh\u00e4 useampi valtuutettu turhautui siit\u00e4, ettei Pirhan ylin p\u00e4\u00e4t\u00f6ksentekoelin pystynyt vaikuttamaan n\u00e4ihin t\u00e4rkeisiin kysymyksiin. P\u00e4\u00e4t\u00f6svalta oli delegoitu pois.<\/p>\n\n\n\n<blockquote class=\"wp-block-quote is-layout-flow wp-block-quote-is-layout-flow\">\n<p>Vaikuttaakin silt\u00e4, ett\u00e4 kolme kuukautta on k\u00e4ytetty sellaisten sanak\u00e4\u00e4nteiden l\u00f6yt\u00e4miseen, joilla p\u00e4\u00e4t\u00f6svaltaa ei tosiasiassa siirret\u00e4 valtuustolle.<\/p>\n<\/blockquote>\n\n\n\n<p><span class=\"korostus\">Aluevaltuuston<\/span> kokouksessa 12.2. k\u00e4sitell\u00e4\u00e4n alussa mainittu esitys hallintos\u00e4\u00e4nn\u00f6n muutoksesta. Tehdyss\u00e4 esityksess\u00e4 valtuustolle annettaisiin valta p\u00e4\u00e4tt\u00e4\u00e4 tietyist\u00e4 strategiaan perustuvan palvelujen verkoston kehitt\u00e4misen periaatteista. Aluehallitus kuitenkin p\u00e4\u00e4tt\u00e4isi periaatteiden toimeenpanosta nykytilaa vastaten.<\/p>\n\n\n\n<p>Vaikuttaakin silt\u00e4, ett\u00e4 kolme kuukautta on k\u00e4ytetty sellaisten sanak\u00e4\u00e4nteiden l\u00f6yt\u00e4miseen, joilla p\u00e4\u00e4t\u00f6svaltaa ei tosiasiassa siirret\u00e4 valtuustolle.<\/p>\n\n\n\n<p>Valtuuston kokoukset ovat avoimia. Maanantaina n\u00e4emme, kuka on valmis kantamaan vastuuta itse ja kuka puoltaa esityst\u00e4, jolla nykyj\u00e4rjestelm\u00e4\u00e4 ei k\u00e4yt\u00e4nn\u00f6ss\u00e4 muuteta.<\/p>\n\n\n\n<p><span class=\"korostus\">Kyse<\/span> ei ole yksitt\u00e4isen ty\u00f6pisteen tai pistorasian paikasta. Kyse ei my\u00f6sk\u00e4\u00e4n ole pelk\u00e4st\u00e4\u00e4n seinist\u00e4 eli terveysasemien sijainneista \u2013 vaan kyse on siit\u00e4, p\u00e4\u00e4tt\u00e4\u00e4k\u00f6 sosiaali- ja terveyspalveluiden saatavuudesta Pirkanmaalla jatkossa demokraattisilla vaaleilla valittu valtuusto.<\/p>\n\n\n\n<p>Keskustalaisten hyvinvointialuevaltuutettujen ymp\u00e4ri maata on syyt\u00e4 olla tarkkana siit\u00e4, ett\u00e4 valtuustoista ei tule pelkki\u00e4 kumileimasimia.<\/p>\n\n\n\n<p><\/p>\n","protected":false},"excerpt":{"rendered":"<p>Marraskuun 2023 alussa 34 Pirkanmaan aluevaltuutettua teki hyvinvointialuelain (HVL) 99\u00a7 mukaisen pyynn\u00f6n hallintos\u00e4\u00e4nn\u00f6n muuttamisesta, jotta toimivalta palveluverkkop\u00e4\u00e4t\u00f6ksiss\u00e4 palautetaan aluevaltuustolle. Lain mukaan p\u00e4\u00e4t\u00f6s tuli valmistella kiireellisen\u00e4. Valmisteluun on kulunut yli kolme kuukautta. Satakunnassa vastaava p\u00e4\u00e4t\u00f6s valmisteltiin suunnilleen kuukaudessa. Viiveen osasyyksi on mainittu, etteiv\u00e4t Pirkanmaan hyvinvointialueen (Pirha) palveluverkkop\u00e4\u00e4t\u00f6kset ole yksinkertaisia, vaan koostuvat useasta hyvinvointialuestrategiaa toimeenpanevasta ohjelmasta ja [&hellip;]<\/p>\n","protected":false},"author":33,"featured_media":0,"comment_status":"open","ping_status":"open","sticky":false,"template":"","format":"standard","meta":{"_acf_changed":false,"asauth_ispaid":"","asauth_cansharepaid":"","footnotes":""},"categories":[2],"tags":[],"class_list":["post-111","post","type-post","status-publish","format-standard","hentry","category-blogit"],"acf":[],"sm_post_category_name":"Blogit","sm_post_category_link":"https:\/\/www.suomenmaa.fi\/petra-schulze-steinen\/category\/blogit\/","sm_post_create_date_time":"9.2.2024 8.00","_links":{"self":[{"href":"https:\/\/www.suomenmaa.fi\/petra-schulze-steinen\/wp-json\/wp\/v2\/posts\/111","targetHints":{"allow":["GET"]}}],"collection":[{"href":"https:\/\/www.suomenmaa.fi\/petra-schulze-steinen\/wp-json\/wp\/v2\/posts"}],"about":[{"href":"https:\/\/www.suomenmaa.fi\/petra-schulze-steinen\/wp-json\/wp\/v2\/types\/post"}],"author":[{"embeddable":true,"href":"https:\/\/www.suomenmaa.fi\/petra-schulze-steinen\/wp-json\/wp\/v2\/users\/33"}],"replies":[{"embeddable":true,"href":"https:\/\/www.suomenmaa.fi\/petra-schulze-steinen\/wp-json\/wp\/v2\/comments?post=111"}],"version-history":[{"count":0,"href":"https:\/\/www.suomenmaa.fi\/petra-schulze-steinen\/wp-json\/wp\/v2\/posts\/111\/revisions"}],"wp:attachment":[{"href":"https:\/\/www.suomenmaa.fi\/petra-schulze-steinen\/wp-json\/wp\/v2\/media?parent=111"}],"wp:term":[{"taxonomy":"category","embeddable":true,"href":"https:\/\/www.suomenmaa.fi\/petra-schulze-steinen\/wp-json\/wp\/v2\/categories?post=111"},{"taxonomy":"post_tag","embeddable":true,"href":"https:\/\/www.suomenmaa.fi\/petra-schulze-steinen\/wp-json\/wp\/v2\/tags?post=111"}],"curies":[{"name":"wp","href":"https:\/\/api.w.org\/{rel}","templated":true}]}},{"id":106,"date":"2023-11-10T12:17:51","date_gmt":"2023-11-10T10:17:51","guid":{"rendered":"https:\/\/www.suomenmaa.fi\/petra-schulze-steinen\/?p=106"},"modified":"2023-11-10T12:29:41","modified_gmt":"2023-11-10T10:29:41","slug":"haluaako-joku-kaataa-hyvinvointialueet-valtion-syliin","status":"publish","type":"post","link":"https:\/\/www.suomenmaa.fi\/petra-schulze-steinen\/haluaako-joku-kaataa-hyvinvointialueet-valtion-syliin\/","title":{"rendered":"Haluaako joku kaataa hyvinvointialueet valtion syliin?"},"content":{"rendered":"\n<p>Suomen 21 hyvinvointialueella on lain takaama itsehallinto ja alueet ovat j\u00e4rjest\u00e4neet toimintansa parhaaksi katsomaansa tapaan.<\/p>\n\n\n\n<p>Pirkanmaalla aluevaltuuston toimivalta on siirretty aluehallitukselle ja viranhaltijoille. Olen kritisoinut t\u00e4t\u00e4 alusta saakka ja tehnyt ehdotuksia toimivallan pit\u00e4miseksi valtuustolla. Nyt \u2013 valtuustokauden puoliv\u00e4liss\u00e4 \u2013 muistakin ryhmist\u00e4 alkaa l\u00f6yty\u00e4 tukea.<\/p>\n\n\n\n<p>Pirkanmaalla toimivallan siirto toteutettiin antamalla aluehallitukselle strategian t\u00e4yt\u00e4nt\u00f6\u00f6npanovalta. Aluevaltuuston hyv\u00e4ksym\u00e4 strategia on niin yl\u00e4tasoinen, ett\u00e4 sill\u00e4 on mahdollista perustella mik\u00e4 tahansa p\u00e4\u00e4t\u00f6s. Vasta aluehallituksen p\u00e4\u00e4tt\u00e4mill\u00e4 suunnitelmilla ja ohjelmilla annetaan strategialle varsinainen sis\u00e4lt\u00f6.<\/p>\n\n\n\n<p><span class=\"korostus\">Hyvinvointialuelakia<\/span> koskeva hallituksen esitys l\u00e4htee siit\u00e4, ett\u00e4 aluevaltuuston hyv\u00e4ksym\u00e4 hyvinvointialuestrategia sis\u00e4lt\u00e4isi selkeit\u00e4 tahdonilmauksia: \u201daluehallituksen tulee puhevaltaa k\u00e4ytt\u00e4ess\u00e4\u00e4n ottaa huomioon aluevaltuuston hyvinvointialuestrategiassa ja muissa p\u00e4\u00e4t\u00f6ksiss\u00e4 ilmaisema tahto ja asian luonteen niin vaatiessa vied\u00e4 asia aluevaltuustoon k\u00e4sittelyyn.\u201d<\/p>\n\n\n\n<p>Jos Pirkanmaalla toimittaisiin HE:st\u00e4 ilmenev\u00e4n tahdon mukaisesti, tulisi palveluverkkoa koskevat p\u00e4\u00e4t\u00f6kset ilman muuta tehd\u00e4 aluevaltuustossa.<\/p>\n\n\n\n<p>Strategia ei sis\u00e4ll\u00e4 palveluverkkoa koskevia linjauksia tai valtuuston tahdonmuodostusta, jonka mukaan strategiaa voitaisiin panna t\u00e4yt\u00e4nt\u00f6\u00f6n.<\/p>\n\n\n\n<p>Rajussa delegoinnissa on kyse demokratiavajeesta.&nbsp;<\/p>\n\n\n\n<p><span class=\"korostus\">Ennen<\/span> viime maanantain valtuuston kokousta, keskustan aloitteesta yhteens\u00e4 34 aluevaltuutettua 79:st\u00e4 oli osoittanut aluehallitukselle HVAL 99 \u00a7 mukaisen pyynn\u00f6n, ett\u00e4 hallintos\u00e4\u00e4nt\u00f6 p\u00e4ivitet\u00e4\u00e4n ennen talousarvion k\u00e4sittely\u00e4 niin, ett\u00e4 palveluverkko- ja palveluiden saatavuutta koskevat p\u00e4\u00e4t\u00f6kset kuuluvat aluevaltuuston toimivaltaan.<\/p>\n\n\n\n<p>Aikaisemmin t\u00e4n\u00e4 vuonna yli nelj\u00e4sosa valtuutetuista oli allekirjoittanut aloitteen, jossa pyydettiin hallintos\u00e4\u00e4nn\u00f6n ottamista pikaisesti uudelleenk\u00e4sitelt\u00e4v\u00e4ksi p\u00e4\u00e4t\u00f6svallan palauttamiseksi aluevaltuustolle merkitt\u00e4viss\u00e4 asioissa kuten palveluverkkop\u00e4\u00e4t\u00f6kset.<\/p>\n\n\n\n<p>Sis\u00e4ll\u00f6lt\u00e4\u00e4n aloitteessa ja pyynn\u00f6ss\u00e4 on kyse samasta asiasta: hallintos\u00e4\u00e4nn\u00f6n p\u00e4ivityksest\u00e4 p\u00e4\u00e4t\u00f6svallan palauttamiseksi aluevaltuustolle palveluverkkoa ja palveluiden saatavuutta koskevissa asioissa.<\/p>\n\n\n\n<p>Ihmettelenkin, kuinka aluehallituksella oli otsaa viitata kintaalla aloitteen mukaiselle pyynn\u00f6lle.&nbsp;<\/p>\n\n\n\n<p><span class=\"korostus\">Ennen kaikkea<\/span> olen huolestunut siit\u00e4, ettei palveluverkkop\u00e4\u00e4t\u00f6sten taustalla ole kunnollista vaikutusten arviointia.<\/p>\n\n\n\n<p>Totta kai uudistuksia tarvitaan ja niihin on ryhdytt\u00e4v\u00e4 kovallakin k\u00e4dell\u00e4. On kuitenkin vaikea purematta niell\u00e4 peruspalveluiden alasajoa, ennen kuin tiedet\u00e4\u00e4n, mink\u00e4laisia korvaavia palveluita pystyt\u00e4\u00e4n tuottamaan, ja ennen kuin tiedet\u00e4\u00e4n, ettei kiireess\u00e4 tehd\u00e4 sellaisia peruuttamattomia p\u00e4\u00e4t\u00f6ksi\u00e4, jotka pidemm\u00e4n p\u00e4\u00e4lle aiheuttavat enemm\u00e4n kustannuksia.<\/p>\n\n\n\n<p>Per\u00e4\u00e4nkuulutan vaikutusten \u2013 my\u00f6s kustannusvaikutusten \u2013 arviointia.<\/p>\n\n\n\n<p><span class=\"korostus\">Toki<\/span> taustalla on paitsi virkakoneiston ja aluehallituksen tahto pit\u00e4\u00e4 valta k\u00e4siss\u00e4\u00e4n, my\u00f6s talouden reunaehdot: Tampereen yliopistollisen keskussairaalan kunnostustoimiin tarvitaan 900 miljoonan investoinnit, joiden toteuttaminen edellytt\u00e4\u00e4 Pirhalle lis\u00e4lainanottovaltuuksia.<\/p>\n\n\n\n<p>N\u00e4m\u00e4 valtio on jo ehdollisina my\u00f6nt\u00e4nyt.<\/p>\n\n\n\n<p>Ehtona on, ett\u00e4 kuluvan vuoden loppuun menness\u00e4 laaditaan sellainen talouden tasapainottamisohjelma, jolla varmistetaan hyvinvointialueen lainanhoitokyky ja mahdollistetaan lakis\u00e4\u00e4teiset palvelut.<\/p>\n\n\n\n<p>Lainanottovaltuuden my\u00f6nt\u00e4miseen vaikutti hyvinvointialueen k\u00e4ynnist\u00e4m\u00e4 mittava strateginen uudistamisty\u00f6, joka sis\u00e4lt\u00e4\u00e4 muun muassa palveluverkon muutoksia ja jonka tavoitteena on lis\u00e4t\u00e4 etenkin perustason palvelujen yhdenvertaisuutta ja talouden kest\u00e4vyytt\u00e4 pitk\u00e4lle tulevaisuuteen.<\/p>\n\n\n\n<p>Valtuuston kokouksessa toimivallan siirtoa vastustaneet vetosivat investointien vaarantumiseen \u2013 ik\u00e4\u00e4n kuin demokratian lis\u00e4\u00e4mist\u00e4 pyyt\u00e4neet valtuutetut olisivat TAYS kunnostushanketta vastaan. N\u00e4in ei tietenk\u00e4\u00e4n ole. TAYS on t\u00e4rke\u00e4 koko alueelle, eik\u00e4 aluevaltuustosta tulisi vastustusta uudistuksille, joilla lis\u00e4t\u00e4\u00e4n palvelujen yhdenvertaisuutta.<\/p>\n\n\n\n<p>Pid\u00e4n kuitenkin ongelmallisena sit\u00e4, ett\u00e4 yliopistollisten keskussairaaloiden mittavat investointitarpeet v\u00e4hent\u00e4v\u00e4t alueen perusterveydenhuoltoon suunnattavia resursseja. Yliopistosairaaloiden investoinnit tulisi kautta Suomen hoitaa erillisrahoituksena.&nbsp;<\/p>\n\n\n\n<p><span class=\"korostus\">Aluevaltuuston<\/span> p\u00e4\u00e4t\u00f6svallan palauttaminen tilaan, joka hyvinvointilakia valmisteltaessa lains\u00e4\u00e4t\u00e4j\u00e4ll\u00e4 on ollut mieless\u00e4, ei olisi poliittinen \u201dvallankaappaus\u201d.<\/p>\n\n\n\n<p>Aluevaltuuston voimasuhteet ovat samat kuin aluehallituksen. P\u00e4\u00e4t\u00f6ksenteko valtuustossa mahdollistaisi laajemman keskustelun, useampien eri n\u00e4k\u00f6kulmien punninnan ja lis\u00e4isi l\u00e4pin\u00e4kyvyytt\u00e4 vahvistaen demokratiaa.<\/p>\n","protected":false},"excerpt":{"rendered":"<p>Suomen 21 hyvinvointialueella on lain takaama itsehallinto ja alueet ovat j\u00e4rjest\u00e4neet toimintansa parhaaksi katsomaansa tapaan. Pirkanmaalla aluevaltuuston toimivalta on siirretty aluehallitukselle ja viranhaltijoille. Olen kritisoinut t\u00e4t\u00e4 alusta saakka ja tehnyt ehdotuksia toimivallan pit\u00e4miseksi valtuustolla. Nyt \u2013 valtuustokauden puoliv\u00e4liss\u00e4 \u2013 muistakin ryhmist\u00e4 alkaa l\u00f6yty\u00e4 tukea. Pirkanmaalla toimivallan siirto toteutettiin antamalla aluehallitukselle strategian t\u00e4yt\u00e4nt\u00f6\u00f6npanovalta. Aluevaltuuston hyv\u00e4ksym\u00e4 strategia [&hellip;]<\/p>\n","protected":false},"author":33,"featured_media":0,"comment_status":"open","ping_status":"open","sticky":false,"template":"","format":"standard","meta":{"_acf_changed":false,"asauth_ispaid":"","asauth_cansharepaid":"","footnotes":""},"categories":[2],"tags":[],"class_list":["post-106","post","type-post","status-publish","format-standard","hentry","category-blogit"],"acf":[],"sm_post_category_name":"Blogit","sm_post_category_link":"https:\/\/www.suomenmaa.fi\/petra-schulze-steinen\/category\/blogit\/","sm_post_create_date_time":"10.11.2023 12.17","_links":{"self":[{"href":"https:\/\/www.suomenmaa.fi\/petra-schulze-steinen\/wp-json\/wp\/v2\/posts\/106","targetHints":{"allow":["GET"]}}],"collection":[{"href":"https:\/\/www.suomenmaa.fi\/petra-schulze-steinen\/wp-json\/wp\/v2\/posts"}],"about":[{"href":"https:\/\/www.suomenmaa.fi\/petra-schulze-steinen\/wp-json\/wp\/v2\/types\/post"}],"author":[{"embeddable":true,"href":"https:\/\/www.suomenmaa.fi\/petra-schulze-steinen\/wp-json\/wp\/v2\/users\/33"}],"replies":[{"embeddable":true,"href":"https:\/\/www.suomenmaa.fi\/petra-schulze-steinen\/wp-json\/wp\/v2\/comments?post=106"}],"version-history":[{"count":0,"href":"https:\/\/www.suomenmaa.fi\/petra-schulze-steinen\/wp-json\/wp\/v2\/posts\/106\/revisions"}],"wp:attachment":[{"href":"https:\/\/www.suomenmaa.fi\/petra-schulze-steinen\/wp-json\/wp\/v2\/media?parent=106"}],"wp:term":[{"taxonomy":"category","embeddable":true,"href":"https:\/\/www.suomenmaa.fi\/petra-schulze-steinen\/wp-json\/wp\/v2\/categories?post=106"},{"taxonomy":"post_tag","embeddable":true,"href":"https:\/\/www.suomenmaa.fi\/petra-schulze-steinen\/wp-json\/wp\/v2\/tags?post=106"}],"curies":[{"name":"wp","href":"https:\/\/api.w.org\/{rel}","templated":true}]}},{"id":103,"date":"2023-06-01T15:08:14","date_gmt":"2023-06-01T12:08:14","guid":{"rendered":"https:\/\/www.suomenmaa.fi\/petra-schulze-steinen\/?p=103"},"modified":"2023-06-01T15:08:16","modified_gmt":"2023-06-01T12:08:16","slug":"on-aika-lopettaa-euroopan-auringonlaskunpolitiikka","status":"publish","type":"post","link":"https:\/\/www.suomenmaa.fi\/petra-schulze-steinen\/on-aika-lopettaa-euroopan-auringonlaskunpolitiikka\/","title":{"rendered":"On aika lopettaa Euroopan auringonlaskunpolitiikka\u00a0"},"content":{"rendered":"\n<p>Hallitusneuvottelut jatkuvat samalla kun aika (ennakko)vaikuttaa tulevan EU-komission linjauksiin k\u00e4y v\u00e4hiin.\u00a0<\/p>\n\n\n\n<p>Vuosien 2019\u20132024 komissio on EU-historian ensimm\u00e4inen, jonka ohjelmissa ei johtot\u00e4hten\u00e4 ole ollut EU:n ja EU-maiden talouskasvun lis\u00e4\u00e4minen, vaan vihre\u00e4n siirtym\u00e4n toteutus l\u00e4hestulkoon hinnalla mill\u00e4 hyv\u00e4ns\u00e4.\u00a0<\/p>\n\n\n\n<p>Kannatan ilmastonmuutoksen ja luontokadon vastaista taistelua, mutta sit\u00e4 pit\u00e4\u00e4 tehd\u00e4 k\u00e4si k\u00e4dess\u00e4 talouskasvun ja hyvinvoinnin edist\u00e4misen kanssa, yritysel\u00e4m\u00e4\u00e4 \u2013 mukaanlukien maa- ja mets\u00e4talous \u2013 tukien eik\u00e4 rajoituksia ja byrokratiaa lis\u00e4ten.&nbsp;<\/p>\n\n\n\n<p><span class=\"korostus\">Ilmastopolitiikka<\/span> voi olla kysynt\u00e4\u00e4 heikent\u00e4v\u00e4\u00e4 tai tarjontaa tukevaa.<\/p>\n\n\n\n<p>Suuri m\u00e4\u00e4r\u00e4 EU:n ilmastotoimista nykyisen komission aikana on ollut kysynt\u00e4\u00e4 heikent\u00e4v\u00e4\u00e4, elinkeinoel\u00e4m\u00e4\u00e4 rajoittavaa \u2013 taksonomia, ennallistamiset, alihankintaketjujen valvonta.\u00a0<\/p>\n\n\n\n<p>Saksassa on viime viikkoina her\u00e4tty huomaamaan, ett\u00e4 EU:n vihre\u00e4n siirtym\u00e4n lains\u00e4\u00e4d\u00e4nt\u00f6 aiheuttaa kotitalouksille ja pk-yrityksille massiiviset kustannukset.<\/p>\n\n\n\n<p>Siell\u00e4 vaaditaan nyt taukoa rajoituksia luovien s\u00e4\u00e4nt\u00f6jen kehitt\u00e4miselle; ty\u00f6rauhaa yrityksille selvit\u00e4 nykyistenkin s\u00e4\u00e4nt\u00f6jen toimeenpanosta.\u00a0<\/p>\n\n\n\n<p><span class=\"korostus\">T\u00e4h\u00e4n<\/span> liittyen EU-parlamentin EPP-ryhm\u00e4\u00e4n kuuluva Saksan CDU\/CSU ryhtyi vastustamaan EU:n ennallistamisasetusta erityisesti sen maatalousyritt\u00e4jille aiheuttamien kustannusten johdosta.<\/p>\n\n\n\n<p>Toinen todenn\u00e4k\u00f6isesti vastatuuleen joutuva EU:n lakialoite on yritysvastuuraportointi \u2013 komission aloite, jossa yritysten edellytet\u00e4\u00e4n julkaisevan s\u00e4\u00e4nn\u00f6llisesti raportteja \u200b\u200btoimintansa vaikutuksista ihmisiin ja ymp\u00e4rist\u00f6\u00f6n (sosiaaliset ymp\u00e4rist\u00f6riskit).\u00a0<\/p>\n\n\n\n<p>Jos EU:sta tulee nyt tauko s\u00e4\u00e4ntelylle, ja ennallistamispaketit ja muut viime hallituskaudella erityisesti keskustalle vaikeat opposition kritisoimat asiat laitetaan j\u00e4\u00e4hylle, helpottuu Suomessakin EU-politiikan teko n\u00e4ilt\u00e4 osin. <\/p>\n\n\n\n<p>Taitavat poliitikot tulevassa hallituksessa saattavat jopa lukea k\u00e4\u00e4nteen (jos se tulee) omaksi ansiokseen.<\/p>\n\n\n\n<p>T\u00e4m\u00e4 ei kuitenkaan tarkoita, ett\u00e4 voisimme j\u00e4\u00e4d\u00e4 lep\u00e4\u00e4m\u00e4\u00e4n laakereilla EU-ennakkovaikuttamisessa.\u00a0<\/p>\n\n\n\n<blockquote class=\"wp-block-quote is-layout-flow wp-block-quote-is-layout-flow\"><p>Yli puolet maailman v\u00e4kiluvusta el\u00e4\u00e4 jonkin tyyppisess\u00e4 autokraattisessa, valtionkapitalismiin perustuvassa j\u00e4rjestelm\u00e4ss\u00e4. <\/p><\/blockquote>\n\n\n\n<p><span class=\"korostus\">EU:lla<\/span> ei ole USA:n tavoin mahdollisuutta k\u00e4ytt\u00e4\u00e4 julkista rahoitusta puhtaan teknologian investointien lis\u00e4\u00e4miseen (eli tarjontaa tukevaan ilmastopolitiikkaan). Se voi kuitenkin vaikuttaa s\u00e4\u00e4ntely-ymp\u00e4rist\u00f6\u00f6n.\u00a0<\/p>\n\n\n\n<p>Tulevan komission aikana ratkaistaan esimerkiksi nk. puhtaan\/vihre\u00e4n vedyn kriteerit \u2013 saako vety, jonka valmistuksessa on k\u00e4ytetty ydinvoiman avulla tuotettua s\u00e4hk\u00f6\u00e4, puhtaan paperit.<\/p>\n\n\n\n<p>T\u00e4ll\u00e4 kysymyksell\u00e4 on Suomeenkin teht\u00e4vien teknologiainvestointien kannalta t\u00e4rke\u00e4 merkitys.\u00a0<\/p>\n\n\n\n<p><span class=\"korostus\">Kun<\/span> nyt mietit\u00e4\u00e4n, kuinka seuraavan komission aikana voidaan parantaan EU:n asemia maailmanlaajuisessa kilpailussa, jossa ilmastopolitiikalla on merkitt\u00e4v\u00e4 rooli, on otettava huomioon, ett\u00e4 l\u00e4ntisten demokratioiden auringonlasku on alkanut.<\/p>\n\n\n\n<p>Yli puolet maailman v\u00e4kiluvusta el\u00e4\u00e4 jonkin tyyppisess\u00e4 autokraattisessa, valtionkapitalismiin perustuvassa j\u00e4rjestelm\u00e4ss\u00e4. G7-maatkin vastaavat en\u00e4\u00e4 vain noin 30% maailmantaloudesta.\u00a0<\/p>\n\n\n\n<p><span class=\"korostus\">Emme<\/span> voi automaattisesti l\u00e4hte\u00e4 siit\u00e4, ett\u00e4 muut maat seuraavat Euroopan esimerkki\u00e4.<\/p>\n\n\n\n<p>Siksi EU:n (ilmasto)toimien on tulevaisuudessa tuettava tarjontaa \u2013 erityisesti puhtaan ja uusituvan energian tarjontaa \u2013 eik\u00e4 heikennett\u00e4v\u00e4 kotitalouksien ja yritysten kysynt\u00e4\u00e4.\u00a0<\/p>\n\n\n\n<p>Brysseliin viet\u00e4v\u00e4ksi tarvitaan nyt rakentavia, EU-maiden talouskasvua tukevia ehdotuksia. Sit\u00e4 kautta hy\u00f6tyy my\u00f6s Suomi.&nbsp;<\/p>\n","protected":false},"excerpt":{"rendered":"<p>Hallitusneuvottelut jatkuvat samalla kun aika (ennakko)vaikuttaa tulevan EU-komission linjauksiin k\u00e4y v\u00e4hiin.\u00a0 Vuosien 2019\u20132024 komissio on EU-historian ensimm\u00e4inen, jonka ohjelmissa ei johtot\u00e4hten\u00e4 ole ollut EU:n ja EU-maiden talouskasvun lis\u00e4\u00e4minen, vaan vihre\u00e4n siirtym\u00e4n toteutus l\u00e4hestulkoon hinnalla mill\u00e4 hyv\u00e4ns\u00e4.\u00a0 Kannatan ilmastonmuutoksen ja luontokadon vastaista taistelua, mutta sit\u00e4 pit\u00e4\u00e4 tehd\u00e4 k\u00e4si k\u00e4dess\u00e4 talouskasvun ja hyvinvoinnin edist\u00e4misen kanssa, yritysel\u00e4m\u00e4\u00e4 \u2013 [&hellip;]<\/p>\n","protected":false},"author":33,"featured_media":0,"comment_status":"open","ping_status":"open","sticky":false,"template":"","format":"standard","meta":{"_acf_changed":false,"asauth_ispaid":"","asauth_cansharepaid":"","footnotes":""},"categories":[2],"tags":[],"class_list":["post-103","post","type-post","status-publish","format-standard","hentry","category-blogit"],"acf":[],"sm_post_category_name":"Blogit","sm_post_category_link":"https:\/\/www.suomenmaa.fi\/petra-schulze-steinen\/category\/blogit\/","sm_post_create_date_time":"1.6.2023 15.08","_links":{"self":[{"href":"https:\/\/www.suomenmaa.fi\/petra-schulze-steinen\/wp-json\/wp\/v2\/posts\/103","targetHints":{"allow":["GET"]}}],"collection":[{"href":"https:\/\/www.suomenmaa.fi\/petra-schulze-steinen\/wp-json\/wp\/v2\/posts"}],"about":[{"href":"https:\/\/www.suomenmaa.fi\/petra-schulze-steinen\/wp-json\/wp\/v2\/types\/post"}],"author":[{"embeddable":true,"href":"https:\/\/www.suomenmaa.fi\/petra-schulze-steinen\/wp-json\/wp\/v2\/users\/33"}],"replies":[{"embeddable":true,"href":"https:\/\/www.suomenmaa.fi\/petra-schulze-steinen\/wp-json\/wp\/v2\/comments?post=103"}],"version-history":[{"count":0,"href":"https:\/\/www.suomenmaa.fi\/petra-schulze-steinen\/wp-json\/wp\/v2\/posts\/103\/revisions"}],"wp:attachment":[{"href":"https:\/\/www.suomenmaa.fi\/petra-schulze-steinen\/wp-json\/wp\/v2\/media?parent=103"}],"wp:term":[{"taxonomy":"category","embeddable":true,"href":"https:\/\/www.suomenmaa.fi\/petra-schulze-steinen\/wp-json\/wp\/v2\/categories?post=103"},{"taxonomy":"post_tag","embeddable":true,"href":"https:\/\/www.suomenmaa.fi\/petra-schulze-steinen\/wp-json\/wp\/v2\/tags?post=103"}],"curies":[{"name":"wp","href":"https:\/\/api.w.org\/{rel}","templated":true}]}},{"id":85,"date":"2023-02-09T11:20:20","date_gmt":"2023-02-09T09:20:20","guid":{"rendered":"https:\/\/www.suomenmaa.fi\/petra-schulze-steinen\/?p=85"},"modified":"2023-05-30T16:49:02","modified_gmt":"2023-05-30T13:49:02","slug":"vihreaa-siirtymaa-vai-siirtymaa-amerikkaan","status":"publish","type":"post","link":"https:\/\/www.suomenmaa.fi\/petra-schulze-steinen\/vihreaa-siirtymaa-vai-siirtymaa-amerikkaan\/","title":{"rendered":"Vihre\u00e4\u00e4 siirtym\u00e4\u00e4 vai siirtym\u00e4\u00e4 Amerikkaan?"},"content":{"rendered":"\n<p>USA julisti vihre\u00e4n siirtym\u00e4n ohjelmansa syksyll\u00e4 2022 (Inflation Reduction Act \u2013 IRA).<\/p>\n\n\n\n<p>EU oli ensin innoissaan, ett\u00e4 USA l\u00e4htee \u201dilmastotalkoisiin mukaan\u201d, mutta melko pian huomattiin, ett\u00e4 kyse oli protektionismista huipussaan; maailman kauppaliiton (WTO) s\u00e4\u00e4nt\u00f6jen vastaisesta toiminnasta, jolla tuetaan USA:n yrityksi\u00e4 ja teollisuutta (mukaan lukien Kanadan ja Meksikon vapaakauppa-alueiden yritykset) muita maita syrjien. Eurooppalaisilla yrityksill\u00e4 ei ole asemaa t\u00e4ss\u00e4 ohjelmassa.\u00a0<\/p>\n\n\n\n<p><span class=\"korostus\">Koska<\/span> IRA sulkee markkinoita eurooppalaiselta teollisuudelta, ja kohdistaa paineita jakeluketjuille, jotka olivat vaikeuksissa jo covidin aikana, tulevat ne eurooppalaiset yritykset, joilla siihen on mahdollisuus, siirt\u00e4m\u00e4\u00e4n tuotantoaan ja yritysten kotipaikkaa USA:han.<\/p>\n\n\n\n<p>Korkeista energianhinnoista k\u00e4rsiv\u00e4ss\u00e4 Saksassa tilanne alkaa jo konkretisoitua. Yritysten valuminen Keski-Euroopasta USA:han edullisemman energian ja valtiontukien per\u00e4ss\u00e4 tulee varmasti n\u00e4kym\u00e4\u00e4n komponenttien ja tavarantoimittajien liiketoiminnassa Suomessakin.\u00a0<\/p>\n\n\n\n<p>Suomessa ei USA:n toimintaa ole kovin ehditty arvostelemaan, sill\u00e4 Ven\u00e4j\u00e4n hy\u00f6kk\u00e4yssota Ukrainaa vastaan ja oma tilanteemme Turkin porstuassa on vienyt suurimman huomion. Tilannetta ei kuitenkaan tule painaa villaisella, sill\u00e4 IRA:n vaikutukset Euroopassa tulevat olemaan massiiviset.\u00a0<\/p>\n\n\n\n<blockquote class=\"wp-block-quote is-layout-flow wp-block-quote-is-layout-flow\"><p>Kysymys tulee repim\u00e4\u00e4n Eurooppaa, jonka tulisi koota voimansa ja ryhty\u00e4 toden teolla miettim\u00e4\u00e4n suhdettaan Kiinaan ja USA:han. <\/p><\/blockquote>\n\n\n\n<p><span class=\"korostus\">EU<\/span> her\u00e4si viime viikolla ja julkisti \u201dvastaiskunsa\u201d \u2013 Green Deal Industry Planin, eli vihre\u00e4n siirtym\u00e4n teollisuussuunnitelman.<\/p>\n\n\n\n<p>Suunnitelman perusajatuksena on mahdollistaa hiilineutraalin ja ymp\u00e4rist\u00f6yst\u00e4v\u00e4llisen teknologian tukeminen EU:ssa \u2013 tuetaan vihre\u00e4\u00e4 siirtym\u00e4\u00e4, jotta siirtym\u00e4\u00e4 USA:han ei tapahtuisi.<\/p>\n\n\n\n<p>Tarkoitus on v\u00e4ljent\u00e4\u00e4 EU:n valtiontukis\u00e4\u00e4nt\u00f6j\u00e4 ja mahdollistaa sit\u00e4 kautta j\u00e4senvaltioille oman teollisuutensa tukeminen.<\/p>\n\n\n\n<p>Toinen merkitt\u00e4v\u00e4 piirre on aikanaan koronaelvytystuen nimell\u00e4 kerrytettyjen rahavarojen uudelleenohjaus vihre\u00e4n siirtym\u00e4n k\u00e4ytt\u00f6\u00f6n. Tarkemmat yksityiskohdat ovat viel\u00e4 auki ja komissio kutsuu j\u00e4senvaltioita kommentoimaan suunnitelmiaan.\u00a0<\/p>\n\n\n\n<p>Vaikka komission ajatus on, ett\u00e4 j\u00e4senvaltiot pystyisiv\u00e4t ripe\u00e4mmin tukemaan omaa teollisuuttaan, ja yritysten valuminen pois Euroopasta USA:han voitaisiin est\u00e4\u00e4, tulee lopputuloksena todenn\u00e4k\u00f6isesti syntym\u00e4\u00e4n EU:n sis\u00e4inen \u201dAmerica first\u201d-tyylinen kilpailu \u201dGermany first\u201d, \u201dFrance first\u201d, \u201dItaly first\u201d, jossa pienemm\u00e4t j\u00e4senvaltiot ovat riskiss\u00e4 j\u00e4\u00e4d\u00e4 suurten jalkoihin.&nbsp;<\/p>\n\n\n\n<p><span class=\"korostus\">EU:n<\/span> sis\u00e4markkinoiden perusajatus on maiden v\u00e4listen kilpailuolosuhteiden tasoittaminen ja tasavertaisten edellytysten luominen, jotta elinolot eri maissa tasoittuvat ja l\u00e4henev\u00e4t toisiaan.<\/p>\n\n\n\n<p>Valtiontuet ovat l\u00e4ht\u00f6kohtaisesti kiellettyj\u00e4, sill\u00e4 k\u00f6yhemm\u00e4t tai pienemm\u00e4t maat eiv\u00e4t pysty (verovaroin) tukemaan teollisuuttaan ja yrityksi\u00e4\u00e4n yht\u00e4 paljon, kuin suuremmat tai rikkaammat maat.<\/p>\n\n\n\n<p>EU:ssa on t\u00e4st\u00e4 syyst\u00e4 valtiontukikontrolli, jonka puitteissa kieltoon voidaan my\u00f6nt\u00e4\u00e4 poikkeuksia. Nyt t\u00e4t\u00e4 kieltoa on tarkoitus l\u00f6ysent\u00e4\u00e4 vuoteen 2025 asti.\u00a0<\/p>\n\n\n\n<p>Toistaiseksi suunnitelmaan ei ole suoraan yhdistetty EU:n yhteisen uuden velan ottamista, sill\u00e4 aikaisemmin otetussa 750 miljardin euron potissa on viel\u00e4 jaettavaa, mutta sekin kysymys tulee viel\u00e4 vastaan. Kysymys tulee repim\u00e4\u00e4n Eurooppaa, jonka tulisi koota voimansa ja ryhty\u00e4 toden teolla miettim\u00e4\u00e4n suhdettaan Kiinaan ja USA:han. &nbsp;<\/p>\n\n\n\n<p><span class=\"korostus\">Yhteisvelkaan<\/span> ja valtiontukien l\u00f6ys\u00e4\u00e4miseen kohdistuvaa kritiikki\u00e4 Suomi on valtiovarainministeri <strong>Saarikon<\/strong> (kesk.) johdolla jo esitt\u00e4nytkin komissiolle. Pallo on pidett\u00e4v\u00e4 ilmassa.<\/p>\n\n\n\n<p>EU-asiat eiv\u00e4t ole juurikaan n\u00e4kyneet alkaneissa vaalikeskusteluissa, mutta voin taata, ett\u00e4 ne tulevat n\u00e4kym\u00e4\u00e4n merkitt\u00e4v\u00e4n\u00e4 osana kotimaan politiikkaa tulevalla vaalikaudella.&nbsp;<\/p>\n","protected":false},"excerpt":{"rendered":"<p>USA julisti vihre\u00e4n siirtym\u00e4n ohjelmansa syksyll\u00e4 2022 (Inflation Reduction Act \u2013 IRA). EU oli ensin innoissaan, ett\u00e4 USA l\u00e4htee \u201dilmastotalkoisiin mukaan\u201d, mutta melko pian huomattiin, ett\u00e4 kyse oli protektionismista huipussaan; maailman kauppaliiton (WTO) s\u00e4\u00e4nt\u00f6jen vastaisesta toiminnasta, jolla tuetaan USA:n yrityksi\u00e4 ja teollisuutta (mukaan lukien Kanadan ja Meksikon vapaakauppa-alueiden yritykset) muita maita syrjien. Eurooppalaisilla yrityksill\u00e4 ei [&hellip;]<\/p>\n","protected":false},"author":33,"featured_media":0,"comment_status":"open","ping_status":"open","sticky":false,"template":"","format":"standard","meta":{"_acf_changed":false,"asauth_ispaid":"","asauth_cansharepaid":"","footnotes":""},"categories":[2],"tags":[],"class_list":["post-85","post","type-post","status-publish","format-standard","hentry","category-blogit"],"acf":[],"sm_post_category_name":"Blogit","sm_post_category_link":"https:\/\/www.suomenmaa.fi\/petra-schulze-steinen\/category\/blogit\/","sm_post_create_date_time":"9.2.2023 11.20","_links":{"self":[{"href":"https:\/\/www.suomenmaa.fi\/petra-schulze-steinen\/wp-json\/wp\/v2\/posts\/85","targetHints":{"allow":["GET"]}}],"collection":[{"href":"https:\/\/www.suomenmaa.fi\/petra-schulze-steinen\/wp-json\/wp\/v2\/posts"}],"about":[{"href":"https:\/\/www.suomenmaa.fi\/petra-schulze-steinen\/wp-json\/wp\/v2\/types\/post"}],"author":[{"embeddable":true,"href":"https:\/\/www.suomenmaa.fi\/petra-schulze-steinen\/wp-json\/wp\/v2\/users\/33"}],"replies":[{"embeddable":true,"href":"https:\/\/www.suomenmaa.fi\/petra-schulze-steinen\/wp-json\/wp\/v2\/comments?post=85"}],"version-history":[{"count":0,"href":"https:\/\/www.suomenmaa.fi\/petra-schulze-steinen\/wp-json\/wp\/v2\/posts\/85\/revisions"}],"wp:attachment":[{"href":"https:\/\/www.suomenmaa.fi\/petra-schulze-steinen\/wp-json\/wp\/v2\/media?parent=85"}],"wp:term":[{"taxonomy":"category","embeddable":true,"href":"https:\/\/www.suomenmaa.fi\/petra-schulze-steinen\/wp-json\/wp\/v2\/categories?post=85"},{"taxonomy":"post_tag","embeddable":true,"href":"https:\/\/www.suomenmaa.fi\/petra-schulze-steinen\/wp-json\/wp\/v2\/tags?post=85"}],"curies":[{"name":"wp","href":"https:\/\/api.w.org\/{rel}","templated":true}]}}]