[{"id":65,"date":"2023-12-07T10:06:41","date_gmt":"2023-12-07T08:06:41","guid":{"rendered":"https:\/\/www.suomenmaa.fi\/antti-mulari\/?p=65"},"modified":"2023-12-07T10:06:42","modified_gmt":"2023-12-07T08:06:42","slug":"suomen-ulkopoliittinen-suunta-ja-niiniston-rehnin-linja","status":"publish","type":"post","link":"https:\/\/www.suomenmaa.fi\/antti-mulari\/suomen-ulkopoliittinen-suunta-ja-niiniston-rehnin-linja\/","title":{"rendered":"Suomen ulkopoliittinen suunta ja\u00a0Niinist\u00f6n\u2013Rehnin linja"},"content":{"rendered":"\n<p>Suomalaiset ovat yli puoluerajojen antaneet vahvan tukensa presidentti <strong>Sauli Niinist\u00f6n<\/strong> vakaalle ja harkitsevaiselle tavalle johtaa ulkopolitiikkaa.<\/p>\n\n\n\n<p>Presidentin kannatusluvut ovat olleet suorastaan pohjoiskorealaista tasoa, mutta sill\u00e4 erotuksella, ett\u00e4 Niinist\u00f6n kannatus on aitoa.<\/p>\n\n\n\n<p>Suomen Pankin johtaja, tohtori <strong>Olli Rehn<\/strong> edustaa politiikassa niinist\u00f6l\u00e4ist\u00e4 linjaa. Maltti ja harkitsevaisuus ovat osoittautuneet my\u00f6s historian valossa oikeaksi tavaksi hoitaa maamme ulkopolitiikkaa.<\/p>\n\n\n\n<p><span class=\"korostus\">Suomi<\/span> tasapainotteli sotien j\u00e4lkeen id\u00e4n ja l\u00e4nnen v\u00e4liss\u00e4 vaikeassa ulko- ja sis\u00e4poliittisessa tilanteessa. T\u00e4ll\u00f6in oli ensiarvoisen t\u00e4rke\u00e4\u00e4, ett\u00e4 ulkopolitiikkaa johdettiin selke\u00e4sti ja ennustettavasti. Kansa pystyi luottamaan johtajaansa. Politiikkaa alettiin kutsua Paasikiven-Kekkosen linjaksi.<\/p>\n\n\n\n<p>Kokoomustaustainen <strong>Paasikivi<\/strong> ja maalaisliittotaustainen <strong>Kekkonen<\/strong> olivat molemmat presidenttein\u00e4 realisteja. Sattumaa ei ole my\u00f6sk\u00e4\u00e4n Olli Rehnin kampanjasloganin viittaus talvisodan aikana presidenttin\u00e4 toimineeseen <strong>Ky\u00f6sti Kallioon<\/strong>.\u00a0<\/p>\n\n\n\n<p>Vaikka aika on toinen ja Suomen asema on muuttunut, ja lujittunut osana l\u00e4ntt\u00e4 ja Eurooppaa EU- ja Nato-j\u00e4senyyksien my\u00f6t\u00e4, on Suomen rooli edelleenkin toimia osana pohjoismaista traditiota ristiriitojen sovittelijana ohjaten osapuolia vuoropuheluun vastakkainasettelun lietsomisen sijaan.<\/p>\n\n\n\n<p>Samaan aikaan teemme kuitenkin selv\u00e4ksi, ettemme hyv\u00e4ksy Ven\u00e4j\u00e4n hy\u00f6kk\u00e4yspolitiikkaa Ukrainaa tai mit\u00e4\u00e4n muutakaan itsen\u00e4ist\u00e4 valtiota kohtaan.\u00a0<\/p>\n\n\n\n<p><span class=\"korostus\">Kuten<\/span> aitoon demokratiaan kuuluu, on meill\u00e4 jokaisella mahdollisuus valita vapaasti ket\u00e4 \u00e4\u00e4nest\u00e4mme vaaleissa, mutta samalla meill\u00e4 on my\u00f6s vastuu \u00e4\u00e4nestysp\u00e4\u00e4t\u00f6ksest\u00e4mme, ei pelk\u00e4st\u00e4\u00e4n itse\u00e4mme, vaan is\u00e4nmaata ja koko kansakuntaa kohtaan.<\/p>\n\n\n\n<p>Vaikka Paasikiven ja Kekkosen aikoina ulkopoliittinen liikkumavaramme oli huomattavasti kapeampi kuin se on t\u00e4n\u00e4 p\u00e4iv\u00e4n\u00e4, ei pienell\u00e4 kansakunnalla ole edelleenk\u00e4\u00e4n varaa riskinottoon tai leikinlaskuun ulkopolitiikan johtajaa valitessamme.<\/p>\n\n\n\n<p>Kysymys tammikuun vaaleissa kuuluu, haluavatko kansalaiset jatkuvuutta Niinist\u00f6n-Rehnin linjan muodossa vai haluavatko he jotain muuta? Me tied\u00e4mme vastauksen: Olli Rehn &#8211; Vakaa kuin Kallio.<\/p>\n","protected":false},"excerpt":{"rendered":"<p>Suomalaiset ovat yli puoluerajojen antaneet vahvan tukensa presidentti Sauli Niinist\u00f6n vakaalle ja harkitsevaiselle tavalle johtaa ulkopolitiikkaa. Presidentin kannatusluvut ovat olleet suorastaan pohjoiskorealaista tasoa, mutta sill\u00e4 erotuksella, ett\u00e4 Niinist\u00f6n kannatus on aitoa. Suomen Pankin johtaja, tohtori Olli Rehn edustaa politiikassa niinist\u00f6l\u00e4ist\u00e4 linjaa. Maltti ja harkitsevaisuus ovat osoittautuneet my\u00f6s historian valossa oikeaksi tavaksi hoitaa maamme ulkopolitiikkaa. Suomi [&hellip;]<\/p>\n","protected":false},"author":553,"featured_media":0,"comment_status":"open","ping_status":"open","sticky":false,"template":"","format":"standard","meta":{"_acf_changed":false,"asauth_ispaid":"","asauth_cansharepaid":"","footnotes":""},"categories":[2],"tags":[],"class_list":["post-65","post","type-post","status-publish","format-standard","hentry","category-blogit"],"acf":[],"sm_post_category_name":"Blogit","sm_post_category_link":"https:\/\/www.suomenmaa.fi\/antti-mulari\/category\/blogit\/","sm_post_create_date_time":"7.12.2023 10.06","_links":{"self":[{"href":"https:\/\/www.suomenmaa.fi\/antti-mulari\/wp-json\/wp\/v2\/posts\/65","targetHints":{"allow":["GET"]}}],"collection":[{"href":"https:\/\/www.suomenmaa.fi\/antti-mulari\/wp-json\/wp\/v2\/posts"}],"about":[{"href":"https:\/\/www.suomenmaa.fi\/antti-mulari\/wp-json\/wp\/v2\/types\/post"}],"author":[{"embeddable":true,"href":"https:\/\/www.suomenmaa.fi\/antti-mulari\/wp-json\/wp\/v2\/users\/553"}],"replies":[{"embeddable":true,"href":"https:\/\/www.suomenmaa.fi\/antti-mulari\/wp-json\/wp\/v2\/comments?post=65"}],"version-history":[{"count":0,"href":"https:\/\/www.suomenmaa.fi\/antti-mulari\/wp-json\/wp\/v2\/posts\/65\/revisions"}],"wp:attachment":[{"href":"https:\/\/www.suomenmaa.fi\/antti-mulari\/wp-json\/wp\/v2\/media?parent=65"}],"wp:term":[{"taxonomy":"category","embeddable":true,"href":"https:\/\/www.suomenmaa.fi\/antti-mulari\/wp-json\/wp\/v2\/categories?post=65"},{"taxonomy":"post_tag","embeddable":true,"href":"https:\/\/www.suomenmaa.fi\/antti-mulari\/wp-json\/wp\/v2\/tags?post=65"}],"curies":[{"name":"wp","href":"https:\/\/api.w.org\/{rel}","templated":true}]}},{"id":62,"date":"2023-09-20T08:48:55","date_gmt":"2023-09-20T05:48:55","guid":{"rendered":"https:\/\/www.suomenmaa.fi\/antti-mulari\/?p=62"},"modified":"2023-09-20T08:48:56","modified_gmt":"2023-09-20T05:48:56","slug":"globaalit-ongelmat-vaativat-yhteistyota-myos-kusipaiden-kanssa","status":"publish","type":"post","link":"https:\/\/www.suomenmaa.fi\/antti-mulari\/globaalit-ongelmat-vaativat-yhteistyota-myos-kusipaiden-kanssa\/","title":{"rendered":"Globaalit ongelmat vaativat yhteisty\u00f6t\u00e4 my\u00f6s kusip\u00e4iden kanssa"},"content":{"rendered":"\n<p>Koronakriisi\u00e4 seurannut Ukrainan sota on johtanut uuteen kylm\u00e4\u00e4n sotaan asevarustelukierteineen. Kansainv\u00e4lisess\u00e4 politiikassa eri maat jaetaan t\u00e4ll\u00e4 hetkell\u00e4 yh\u00e4 vahvemmin meihin ja heihin.<\/p>\n\n\n\n<p>L\u00e4nsi on ollut harvinaisen yhten\u00e4inen ja vet\u00e4nyt tiukkaa linjaa: Ven\u00e4j\u00e4n sotatoimet ja n\u00e4ille annettu tuki on tuomittu yksimielisesti. L\u00e4nsi on ollut valmis tekem\u00e4\u00e4n my\u00f6s taloudellisia uhrauksia, jotka ovat n\u00e4kyneet kansalaisten arjessa ja hyvinvoinnissa.<\/p>\n\n\n\n<p>Tilanne on muuttanut my\u00f6s turvallisuuspolitiikkaa Pohjolassa. Suomi valitsi sotilaallisen liittoutumisen ja liityimme Naton j\u00e4seniksi reaktiona Ven\u00e4j\u00e4n voimapolitiikalle. Ruotsin hakemus odottaa Unkarin ja Turkin hyv\u00e4ksynt\u00e4\u00e4.<\/p>\n\n\n\n<p><span class=\"korostus\">Meill\u00e4<\/span> on kuitenkin viel\u00e4 Ukrainan sotaakin suurempia ongelmia. Ilmastonmuutoksen torjuminen ei onnistu yksist\u00e4\u00e4n l\u00e4nsimaiden toimin.<\/p>\n\n\n\n<p>T\u00e4m\u00e4 tarkoittaa sit\u00e4, ett\u00e4 meid\u00e4n on teht\u00e4v\u00e4 yhteisty\u00f6t\u00e4 my\u00f6s ep\u00e4mieluisten kumppanien kanssa. Sota loppuu jossakin vaiheessa. Haaste on siin\u00e4, miten tehd\u00e4 diktaattoreille selv\u00e4ksi, ett\u00e4 emme hyv\u00e4ksy hy\u00f6kk\u00e4yssotaa eik\u00e4 uusien sotien aloittaminen ole kannattavaa ja samaan aikaan, miten saamme heid\u00e4t sidottua kansainv\u00e4liseen yhteisty\u00f6h\u00f6n globaalien ongelmien ratkaisemiseksi.\u00a0<\/p>\n\n\n\n<p><strong>Trumpin<\/strong> valinta presidentiksi osoitti, ett\u00e4 arvaamaton ja yhteisist\u00e4 pelis\u00e4\u00e4nn\u00f6ist\u00e4 ja k\u00e4yt\u00f6stavoista piittaamaton \u00f6ykk\u00e4ri voi tulla valituksi valtaan my\u00f6s maassa, joka on paitsi vakaana pidetty demokratia, my\u00f6s maailman mahtavin valtio.<\/p>\n\n\n\n<p>Hyv\u00e4 puoli asiassa on se, ett\u00e4 Trumpista p\u00e4\u00e4stiin eroon seuraavissa vaaleissa. Pelkona kuitenkin on, ett\u00e4 Trump voi palata valtaan viel\u00e4 entist\u00e4kin arvaamattomampana ja riidanhaluisempana.<\/p>\n\n\n\n<blockquote class=\"wp-block-quote is-layout-flow wp-block-quote-is-layout-flow\"><p>Diktaattorien kanssa on ep\u00e4eettist\u00e4 seurustella, mutta t\u00e4st\u00e4 huolimatta heid\u00e4t tulisi sitouttaa jotenkin yhteisty\u00f6h\u00f6n.<\/p><\/blockquote>\n\n\n\n<p><span class=\"korostus\">On<\/span> n\u00e4hty maailman sivu, ett\u00e4 diktaattorit tuppaavat olemaan paitsi harmillisen pitk\u00e4ik\u00e4isi\u00e4, my\u00f6s uusiutuva luonnonvara.<\/p>\n\n\n\n<p>Niin Syyrian sis\u00e4llissotaa k\u00e4yv\u00e4 presidentti <strong>al-Assad<\/strong> kuin Pohjois-Korean <strong>Kimkin<\/strong> ovat valtionjohtajiksi nuoria miehi\u00e4 ja he voivat pysy\u00e4 vallassa viel\u00e4 vuosikymmeni\u00e4.<\/p>\n\n\n\n<p>Vallankumoukset eiv\u00e4t my\u00f6sk\u00e4\u00e4n v\u00e4ltt\u00e4m\u00e4tt\u00e4 paranna asioita. Tulos on n\u00e4ht\u00e4viss\u00e4 esimerkiksi Libyassa.<\/p>\n\n\n\n<p>Diktaattorien kanssa on ep\u00e4eettist\u00e4 seurustella, mutta t\u00e4st\u00e4 huolimatta heid\u00e4t tulisi sitouttaa jotenkin yhteisty\u00f6h\u00f6n.<\/p>\n\n\n\n<p>Vaarana on, ett\u00e4 eristettyin\u00e4 diktaattorit alkavat kaveerata entist\u00e4 tiukemmin kesken\u00e4\u00e4n <strong>Putinin<\/strong> ja Kimin tapaan.<\/p>\n\n\n\n<p>Kiinan <strong>Xi Jinping<\/strong> ja Turkin <strong>Erdogan<\/strong> ovat liian merkitt\u00e4vien maiden johtajia menetett\u00e4v\u00e4ksi kokonaan kontrollin ulkopuolelle. Presidentti <strong>Sauli Niinist\u00f6<\/strong> pystyi pitk\u00e4\u00e4n pit\u00e4m\u00e4\u00e4n keskusteluyhteytt\u00e4 yll\u00e4 Putiniin, mutta t\u00e4st\u00e4 huolimatta teki selv\u00e4ksi, ettei hyv\u00e4ksy h\u00e4nen politiikkaansa.<\/p>\n\n\n\n<p><span class=\"korostus\">Vaikka<\/span> valmista oppikirjaa diktaattorien k\u00e4sittelyyn ei ole olemassa, on paradoksaalisesti jonkinlainen hajota ja hallitse oppi mahdollisesti sovellettavissa my\u00f6s turhamaisina tunnettujen diktaattorien kanssa toimimiseen. Teht\u00e4v\u00e4 on vaikea ja ep\u00e4mieluisa.<\/p>\n\n\n\n<p>Silti se on yksi keskeisimpi\u00e4 asioita demokraattisten valtioiden johtajien jo muutenkin hankalia asioita pursuavalla teht\u00e4v\u00e4listalla. Teht\u00e4v\u00e4\u00e4 ei kuitenkaan p\u00e4\u00e4se pakoon my\u00f6sk\u00e4\u00e4n Suomen tasavallan tuleva presidentti.<\/p>\n","protected":false},"excerpt":{"rendered":"<p>Koronakriisi\u00e4 seurannut Ukrainan sota on johtanut uuteen kylm\u00e4\u00e4n sotaan asevarustelukierteineen. Kansainv\u00e4lisess\u00e4 politiikassa eri maat jaetaan t\u00e4ll\u00e4 hetkell\u00e4 yh\u00e4 vahvemmin meihin ja heihin. L\u00e4nsi on ollut harvinaisen yhten\u00e4inen ja vet\u00e4nyt tiukkaa linjaa: Ven\u00e4j\u00e4n sotatoimet ja n\u00e4ille annettu tuki on tuomittu yksimielisesti. L\u00e4nsi on ollut valmis tekem\u00e4\u00e4n my\u00f6s taloudellisia uhrauksia, jotka ovat n\u00e4kyneet kansalaisten arjessa ja hyvinvoinnissa. [&hellip;]<\/p>\n","protected":false},"author":553,"featured_media":0,"comment_status":"open","ping_status":"open","sticky":false,"template":"","format":"standard","meta":{"_acf_changed":false,"asauth_ispaid":"","asauth_cansharepaid":"","footnotes":""},"categories":[2],"tags":[],"class_list":["post-62","post","type-post","status-publish","format-standard","hentry","category-blogit"],"acf":[],"sm_post_category_name":"Blogit","sm_post_category_link":"https:\/\/www.suomenmaa.fi\/antti-mulari\/category\/blogit\/","sm_post_create_date_time":"20.9.2023 8.48","_links":{"self":[{"href":"https:\/\/www.suomenmaa.fi\/antti-mulari\/wp-json\/wp\/v2\/posts\/62","targetHints":{"allow":["GET"]}}],"collection":[{"href":"https:\/\/www.suomenmaa.fi\/antti-mulari\/wp-json\/wp\/v2\/posts"}],"about":[{"href":"https:\/\/www.suomenmaa.fi\/antti-mulari\/wp-json\/wp\/v2\/types\/post"}],"author":[{"embeddable":true,"href":"https:\/\/www.suomenmaa.fi\/antti-mulari\/wp-json\/wp\/v2\/users\/553"}],"replies":[{"embeddable":true,"href":"https:\/\/www.suomenmaa.fi\/antti-mulari\/wp-json\/wp\/v2\/comments?post=62"}],"version-history":[{"count":0,"href":"https:\/\/www.suomenmaa.fi\/antti-mulari\/wp-json\/wp\/v2\/posts\/62\/revisions"}],"wp:attachment":[{"href":"https:\/\/www.suomenmaa.fi\/antti-mulari\/wp-json\/wp\/v2\/media?parent=62"}],"wp:term":[{"taxonomy":"category","embeddable":true,"href":"https:\/\/www.suomenmaa.fi\/antti-mulari\/wp-json\/wp\/v2\/categories?post=62"},{"taxonomy":"post_tag","embeddable":true,"href":"https:\/\/www.suomenmaa.fi\/antti-mulari\/wp-json\/wp\/v2\/tags?post=62"}],"curies":[{"name":"wp","href":"https:\/\/api.w.org\/{rel}","templated":true}]}},{"id":56,"date":"2023-06-07T09:19:47","date_gmt":"2023-06-07T06:19:47","guid":{"rendered":"https:\/\/www.suomenmaa.fi\/antti-mulari\/?p=56"},"modified":"2023-06-07T09:21:33","modified_gmt":"2023-06-07T06:21:33","slug":"myrkynvihreaa-veropopulismia","status":"publish","type":"post","link":"https:\/\/www.suomenmaa.fi\/antti-mulari\/myrkynvihreaa-veropopulismia\/","title":{"rendered":"Myrkynvihre\u00e4\u00e4 veropopulismia"},"content":{"rendered":"\n<p><strong>Osmo Soininvaara<\/strong> hy\u00f6kk\u00e4si Talousel\u00e4m\u00e4n 3.6. julkaistussa <a href=\"https:\/\/www.talouselama.fi\/uutiset\/suomessa-verot-pysyvat-korkealla-koska-maalla-asuvia-tuetaan-niin-paljon\/886d6e3f-eb01-4331-9b60-4f3e38f44e5a\">vieraskyn\u00e4kolumnissaan<\/a> tulonsiirtoja ja aluepolitiikkaa vastaan.<\/p>\n\n\n\n<p>Soininvaara v\u00e4itti, ett\u00e4 syyn\u00e4 Suomen korkeaan verotukseen ja alhaisiin reaalituloihin ovat syrj\u00e4seuduille annetut korkeat piilotuet.<\/p>\n\n\n\n<p>Soininvaara sivuutti sen tosiseikan, ett\u00e4 eniten asumistukea maksetaan p\u00e4\u00e4kaupunkiseudulla asuville.<\/p>\n\n\n\n<p><span class=\"korostus\">Vihre\u00e4ss\u00e4<\/span> kuplassaan asuva Soininvaara unohti my\u00f6s sen, ett\u00e4 vaikka p\u00f6rssiyhti\u00f6itten ja valtionlaitosten p\u00e4\u00e4konttorit sijaitsevat Helsingiss\u00e4, tulevat p\u00e4\u00e4kaupunkiseudun kasvutekij\u00e4t ruuhka-Suomen ulkopuolelta.<\/p>\n\n\n\n<p>Tyypillinen esimerkki tulonsiirrosta pohjoisesta etel\u00e4\u00e4n on valtion Mets\u00e4hallituksen hakkuista kunnille tulouttama mets\u00e4er\u00e4. It\u00e4-Lapissa sijaitsevan Savukosken alueelta Mets\u00e4hallitus hakkaa vuosittain 230\u00a0000 kiintokuutiota puuta. Rahallisesti t\u00e4m\u00e4 tarkoittaa puolestaan 8 miljoonaa euroa. Savukosken kunta saa mets\u00e4er\u00e4st\u00e4 kuitenkin vain 10 prosentin osuutta vastaavan m\u00e4\u00e4r\u00e4n.<\/p>\n\n\n\n<p>Ilman toimivaa infraa, tiest\u00f6\u00e4, s\u00e4hk\u00f6yhteyksi\u00e4 ja palveluja ei syrj\u00e4seutujen ole mahdollistaa tuottaa hyvinvointia etel\u00e4n kaupunkeihin.\u00a0<\/p>\n\n\n\n<p><span class=\"korostus\">Osmo Soininvaaran<\/span> ruikutus on jatkumoa nykyisen vihreiden kansanedustaja <strong>Fatim Diarran<\/strong> aloittamalle erityisesti sallalaisiin ja lieksalaisiin kohdistuneelle vihapuheelle. Sen tarkoituksena on tehd\u00e4 syrj\u00e4seutujen asukkaista syntipukki valtiontalouden ongelmiin.<\/p>\n\n\n\n<p>Merkillepantavaa on, ett\u00e4 niin Soininvaara kuin Diarrakin sivuuttavat kaupunkien kasvun aiheuttamat taloudelliset, sosiaaliset ja ymp\u00e4rist\u00f6lliset ongelmat.<\/p>\n\n\n\n<p>Soininvaara on koulutukseltaan tilastotieteilij\u00e4 ja siksi h\u00e4nelt\u00e4 odottaisi vastuullisempaa ja faktapohjaisempaa argumentointia varsinkin aikana, jolloin trollitehtaat levitt\u00e4v\u00e4t sosiaalisessa mediassa ihan riitt\u00e4miin valheita ja puolitotuuksia ihmisten harhaanjohtamiseksi.<\/p>\n\n\n\n<p><span class=\"korostus\">Soininvaaran<\/span> ja Diarran toiminta asettaa suvaitsevaisuudella ratsastavan vihre\u00e4t puolueena kyseenalaiseen valoon.<\/p>\n\n\n\n<p>Populistiset purkaukset ja loanheitto heijastuvat ep\u00e4ilem\u00e4tt\u00e4 my\u00f6s <strong>Pekka Haaviston<\/strong> presidenttiehdokkuuteen siin\u00e4kin tapauksessa, ett\u00e4 h\u00e4n ottaisi et\u00e4isyytt\u00e4 vihreisiin ja l\u00e4htisi vaaleihin kansalaisliikkeen ehdokkaana.<\/p>\n","protected":false},"excerpt":{"rendered":"<p>Osmo Soininvaara hy\u00f6kk\u00e4si Talousel\u00e4m\u00e4n 3.6. julkaistussa vieraskyn\u00e4kolumnissaan tulonsiirtoja ja aluepolitiikkaa vastaan. Soininvaara v\u00e4itti, ett\u00e4 syyn\u00e4 Suomen korkeaan verotukseen ja alhaisiin reaalituloihin ovat syrj\u00e4seuduille annetut korkeat piilotuet. Soininvaara sivuutti sen tosiseikan, ett\u00e4 eniten asumistukea maksetaan p\u00e4\u00e4kaupunkiseudulla asuville. Vihre\u00e4ss\u00e4 kuplassaan asuva Soininvaara unohti my\u00f6s sen, ett\u00e4 vaikka p\u00f6rssiyhti\u00f6itten ja valtionlaitosten p\u00e4\u00e4konttorit sijaitsevat Helsingiss\u00e4, tulevat p\u00e4\u00e4kaupunkiseudun kasvutekij\u00e4t ruuhka-Suomen [&hellip;]<\/p>\n","protected":false},"author":553,"featured_media":0,"comment_status":"open","ping_status":"open","sticky":false,"template":"","format":"standard","meta":{"_acf_changed":false,"asauth_ispaid":"","asauth_cansharepaid":"","footnotes":""},"categories":[2],"tags":[],"class_list":["post-56","post","type-post","status-publish","format-standard","hentry","category-blogit"],"acf":[],"sm_post_category_name":"Blogit","sm_post_category_link":"https:\/\/www.suomenmaa.fi\/antti-mulari\/category\/blogit\/","sm_post_create_date_time":"7.6.2023 9.19","_links":{"self":[{"href":"https:\/\/www.suomenmaa.fi\/antti-mulari\/wp-json\/wp\/v2\/posts\/56","targetHints":{"allow":["GET"]}}],"collection":[{"href":"https:\/\/www.suomenmaa.fi\/antti-mulari\/wp-json\/wp\/v2\/posts"}],"about":[{"href":"https:\/\/www.suomenmaa.fi\/antti-mulari\/wp-json\/wp\/v2\/types\/post"}],"author":[{"embeddable":true,"href":"https:\/\/www.suomenmaa.fi\/antti-mulari\/wp-json\/wp\/v2\/users\/553"}],"replies":[{"embeddable":true,"href":"https:\/\/www.suomenmaa.fi\/antti-mulari\/wp-json\/wp\/v2\/comments?post=56"}],"version-history":[{"count":0,"href":"https:\/\/www.suomenmaa.fi\/antti-mulari\/wp-json\/wp\/v2\/posts\/56\/revisions"}],"wp:attachment":[{"href":"https:\/\/www.suomenmaa.fi\/antti-mulari\/wp-json\/wp\/v2\/media?parent=56"}],"wp:term":[{"taxonomy":"category","embeddable":true,"href":"https:\/\/www.suomenmaa.fi\/antti-mulari\/wp-json\/wp\/v2\/categories?post=56"},{"taxonomy":"post_tag","embeddable":true,"href":"https:\/\/www.suomenmaa.fi\/antti-mulari\/wp-json\/wp\/v2\/tags?post=56"}],"curies":[{"name":"wp","href":"https:\/\/api.w.org\/{rel}","templated":true}]}},{"id":50,"date":"2023-04-19T08:38:58","date_gmt":"2023-04-19T05:38:58","guid":{"rendered":"https:\/\/www.suomenmaa.fi\/antti-mulari\/?p=50"},"modified":"2023-04-19T08:38:59","modified_gmt":"2023-04-19T05:38:59","slug":"keskusta-ei-tarvitse-muiden-puolueiden-lupaa-oppositioon-menolle","status":"publish","type":"post","link":"https:\/\/www.suomenmaa.fi\/antti-mulari\/keskusta-ei-tarvitse-muiden-puolueiden-lupaa-oppositioon-menolle\/","title":{"rendered":"Keskusta ei tarvitse muiden puolueiden lupaa oppositioon menolle"},"content":{"rendered":"\n<p>Keskusta k\u00e4rsi vaaleissa toistamiseen vaalitappion. Syyt\u00e4 vaalitappiolle on haettu mm. v\u00e4\u00e4rist\u00e4 hallituskumppaneista ja opposition tekem\u00e4st\u00e4 syyllist\u00e4v\u00e4st\u00e4 mielikuvapolitiikasta aina TikTok-videoihin asti.<\/p>\n\n\n\n<p>Sin\u00e4ns\u00e4 esitetyt syyt pit\u00e4v\u00e4t varmasti paikkansa. Juurisyy on kuitenkin se, ett\u00e4 keskusta rikkoi kirjoittamatonta s\u00e4\u00e4nt\u00f6\u00e4 vastaan ja l\u00e4hti hallitukseen k\u00e4rsitty\u00e4\u00e4n murskatappion vuoden 2019 vaaleissa.\u00a0<\/p>\n\n\n\n<p><span class=\"korostus\">Perussuomalaisten<\/span> puoluesihteeri <strong>Luukkanen<\/strong> totesi, ett\u00e4 puolue antoi keskustalle armonlaukauksen.<\/p>\n\n\n\n<p>Nyt perussuomalaisten puheenjohtaja <strong>Riikka Purra<\/strong> kosiskelee suu messingill\u00e4 keskustaa hallitukseen. Aika harva antaa toiselle ensin armonlaukauksen ja on sen j\u00e4lkeen tahtomassa t\u00e4t\u00e4 tanssimaan kanssaan.<\/p>\n\n\n\n<p>Yksi tapa painostaa keskustaa hallitukseen l\u00e4htemiseen on syyllist\u00e4minen. Keskustalle on esitetty kysymys, onko punavihre\u00e4koalitio sittenkin meille mieluisampi vaihtoehto. Politiikassa muisti on lyhyt, mutta Ellun kanat ja muutkin asianharrastajat voivat aina k\u00e4ytt\u00e4\u00e4 muistin virkist\u00e4miseksi Googlea.<\/p>\n\n\n\n<p><strong>Sipil\u00e4n<\/strong> hallituksen aikaan keskustan hallituskumppaneita olivat kokoomus ja perussuomalaiset, jotka vaihtuivat my\u00f6hemmin nyt jo edesmenneeseen siniset-puolueeseen. Tehty politiikka taksilakeineen ja bernereineen kaikkineen ei miellytt\u00e4nyt \u00e4\u00e4nest\u00e4j\u00e4\u00e4.<\/p>\n\n\n\n<p><span class=\"korostus\">Keskustan<\/span> omassa joukossa on her\u00e4nnyt keskustelua siit\u00e4, ett\u00e4 ilmoitus oppositioon menosta tehtiin liian aikaisin.<\/p>\n\n\n\n<p>Keskustalla ei ole kuitenkaan mit\u00e4\u00e4n tarvetta pelata. Vaarana olisi, ett\u00e4 ilmoituksen panttaaminen olisi avannut ovet spekulaatiolle ja iltalypsypuheille. Vaalitulos puhuu puolestaan. Vastuu hallituksen muodostamisesta kuuluu vaalien voittajille.<\/p>\n\n\n\n<p>Mit\u00e4 taas tulee is\u00e4nmaan etuun, niin keskusta on kantanut vastuuta yht\u00e4jaksoisesti kahdeksan vuotta. Nelj\u00e4 vuotta lis\u00e4\u00e4 tarkoittaisi kahdentoista vuoden putkea, joka vastaa elinkautista tuomiota.<\/p>\n\n\n\n<p><strong>Petteri Orpolla<\/strong> on p\u00e4\u00e4ministerin\u00e4 eritt\u00e4in vaativa teht\u00e4v\u00e4 kuuden miljardin sopeuttamistavoitteineen, tosin jo t\u00e4ss\u00e4 vaiheessa n\u00e4ytt\u00e4\u00e4 silt\u00e4, ett\u00e4 kokoomus joutuu antamaan periksi tavoitteestaan reilusti tuli p\u00e4\u00e4hallituskumppaniksi sitten perussuomalaiset tai SDP.<\/p>\n\n\n\n<p>Kokoomuslaisten ja perussuomalaisten retoriikkaa kuunnellessa on kuitenkin vaikea v\u00e4ltty\u00e4 mielleyhtym\u00e4lt\u00e4, ett\u00e4 kielt\u00e4ytym\u00e4ll\u00e4 hallitusyhteisty\u00f6st\u00e4 keskusta on pett\u00e4nyt kokoomuksen ja perussuomalaisten \u00e4\u00e4nest\u00e4jilleen antamat alun perinkin ep\u00e4realistiset lupaukset. Keskusta ei kuitenkaan tarvitse muiden puolueiden lupaa oppositioon menolle.\u00a0<\/p>\n\n\n\n<blockquote class=\"wp-block-quote is-layout-flow wp-block-quote-is-layout-flow\"><p>Kokoomuksen laskelmissa keskusta menett\u00e4isi n\u00e4in entisest\u00e4\u00e4n kannatusta ja kuihtuisi pienpuolueeksi. Saaliinjaossa keskustan \u00e4\u00e4nist\u00e4 kokoomus hy\u00f6tyisi lopulta enemm\u00e4n kuin perussuomalaiset.<\/p><\/blockquote>\n\n\n\n<p><span class=\"korostus\">Ei<\/span> ole salaisuus, ett\u00e4 uusi hallitus joutuu noudattamaan matokuuripolitiikkaa, vaikkei velkaantumista saataisikaan taitettua.<\/p>\n\n\n\n<p>Kokoomus on kuitenkin sattuneesta syyst\u00e4 puolueista kaikkein immuunein oikeistolaiselle politiikalle. Sen sijaan hallituskumppanien kannatuksessa yhteisty\u00f6 kokoomuksen kanssa tulee n\u00e4kym\u00e4\u00e4n RKP:t\u00e4 lukuun ottamatta aivan varmasti.\u00a0<\/p>\n\n\n\n<p>Kokoomuksessa varmasti laskeskellaan, ett\u00e4 keskusta kannattaisi nyt houkutella keinolla mill\u00e4 hyv\u00e4ns\u00e4 hallitukseen, ei pelk\u00e4st\u00e4\u00e4n hallituksen muodostamisen kannalta, vaan jatkoa ajatellen.<\/p>\n\n\n\n<p>Kokoomuksen laskelmissa keskusta menett\u00e4isi n\u00e4in entisest\u00e4\u00e4n kannatusta ja kuihtuisi pienpuolueeksi. Saaliinjaossa keskustan \u00e4\u00e4nist\u00e4 kokoomus hy\u00f6tyisi lopulta enemm\u00e4n kuin perussuomalaiset.<\/p>\n\n\n\n<p>Keskustaa kuitenkin tarvitaan my\u00f6s 2030-luvun Suomessa. Blokkipolitiikka ja siiloutuminen, joista saimme kev\u00e4\u00e4n vaaleissa esimakua johtaa vastakkainasetteluun, johon n\u00e4in pienell\u00e4 maalla ja kansalla ei yksinkertaisesta ole varaa.<\/p>\n\n\n\n<p>Kuihtumisen sijaan keskustan on puhjettava uudestaan kukkaan ja noustava suureksi puolueeksi muitten suurten puolueiden joukkoon.\u00a0 Se jos mik\u00e4 on is\u00e4nmaan etu.<\/p>\n","protected":false},"excerpt":{"rendered":"<p>Keskusta k\u00e4rsi vaaleissa toistamiseen vaalitappion. Syyt\u00e4 vaalitappiolle on haettu mm. v\u00e4\u00e4rist\u00e4 hallituskumppaneista ja opposition tekem\u00e4st\u00e4 syyllist\u00e4v\u00e4st\u00e4 mielikuvapolitiikasta aina TikTok-videoihin asti. Sin\u00e4ns\u00e4 esitetyt syyt pit\u00e4v\u00e4t varmasti paikkansa. Juurisyy on kuitenkin se, ett\u00e4 keskusta rikkoi kirjoittamatonta s\u00e4\u00e4nt\u00f6\u00e4 vastaan ja l\u00e4hti hallitukseen k\u00e4rsitty\u00e4\u00e4n murskatappion vuoden 2019 vaaleissa.\u00a0 Perussuomalaisten puoluesihteeri Luukkanen totesi, ett\u00e4 puolue antoi keskustalle armonlaukauksen. Nyt perussuomalaisten [&hellip;]<\/p>\n","protected":false},"author":553,"featured_media":0,"comment_status":"open","ping_status":"open","sticky":false,"template":"","format":"standard","meta":{"_acf_changed":false,"asauth_ispaid":"","asauth_cansharepaid":"","footnotes":""},"categories":[2],"tags":[],"class_list":["post-50","post","type-post","status-publish","format-standard","hentry","category-blogit"],"acf":[],"sm_post_category_name":"Blogit","sm_post_category_link":"https:\/\/www.suomenmaa.fi\/antti-mulari\/category\/blogit\/","sm_post_create_date_time":"19.4.2023 8.38","_links":{"self":[{"href":"https:\/\/www.suomenmaa.fi\/antti-mulari\/wp-json\/wp\/v2\/posts\/50","targetHints":{"allow":["GET"]}}],"collection":[{"href":"https:\/\/www.suomenmaa.fi\/antti-mulari\/wp-json\/wp\/v2\/posts"}],"about":[{"href":"https:\/\/www.suomenmaa.fi\/antti-mulari\/wp-json\/wp\/v2\/types\/post"}],"author":[{"embeddable":true,"href":"https:\/\/www.suomenmaa.fi\/antti-mulari\/wp-json\/wp\/v2\/users\/553"}],"replies":[{"embeddable":true,"href":"https:\/\/www.suomenmaa.fi\/antti-mulari\/wp-json\/wp\/v2\/comments?post=50"}],"version-history":[{"count":0,"href":"https:\/\/www.suomenmaa.fi\/antti-mulari\/wp-json\/wp\/v2\/posts\/50\/revisions"}],"wp:attachment":[{"href":"https:\/\/www.suomenmaa.fi\/antti-mulari\/wp-json\/wp\/v2\/media?parent=50"}],"wp:term":[{"taxonomy":"category","embeddable":true,"href":"https:\/\/www.suomenmaa.fi\/antti-mulari\/wp-json\/wp\/v2\/categories?post=50"},{"taxonomy":"post_tag","embeddable":true,"href":"https:\/\/www.suomenmaa.fi\/antti-mulari\/wp-json\/wp\/v2\/tags?post=50"}],"curies":[{"name":"wp","href":"https:\/\/api.w.org\/{rel}","templated":true}]}},{"id":44,"date":"2023-02-22T08:29:28","date_gmt":"2023-02-22T06:29:28","guid":{"rendered":"https:\/\/www.suomenmaa.fi\/antti-mulari\/?p=44"},"modified":"2023-02-22T14:31:12","modified_gmt":"2023-02-22T12:31:12","slug":"suomalainen-koulutusjarjestelma-tarvitsee-ryhtiliikkeen","status":"publish","type":"post","link":"https:\/\/www.suomenmaa.fi\/antti-mulari\/suomalainen-koulutusjarjestelma-tarvitsee-ryhtiliikkeen\/","title":{"rendered":"Suomalainen koulutusj\u00e4rjestelm\u00e4 tarvitsee ryhtiliikkeen"},"content":{"rendered":"\n<p>Suomalainen koulutusj\u00e4rjestelm\u00e4 on viimeisen kymmenen vuoden ajan ollut perus- ja keskiasteen osalta vahvassa murroksessa.<\/p>\n\n\n\n<p>Koulutusj\u00e4rjestelm\u00e4\u00e4 uudistettaessa on kuitenkin unohtunut, ett\u00e4 peruskoulun tarkoitus on olla ensisijaisesti yleissivist\u00e4v\u00e4 koulu, jolla on sek\u00e4 opetus- ett\u00e4 kasvatusteht\u00e4v\u00e4.<\/p>\n\n\n\n<p>Romahtaneet PISA-tulokset, k\u00e4yt\u00f6sh\u00e4iri\u00f6iset lapset ja uupuneet opettajat kertovat siit\u00e4, ett\u00e4 peruskoulu ei en\u00e4\u00e4 onnistu saavuttamaan kumpaakaan tavoitettaan.&nbsp;<\/p>\n\n\n\n<p><span class=\"korostus\">Vaikka<\/span> oppilaskohtaiset kustannukset ovat kasvaneet, ovat oppilaiden keskin\u00e4iset erot lis\u00e4\u00e4ntyneet.<\/p>\n\n\n\n<p>Digitalisaatio ja hankehumppa viev\u00e4t aikaa opetusty\u00f6lt\u00e4. Erilaiset uudet ajatukset ja toimintamallit, kuten inkluusio ja itseohjautuvuuden tavoittelu ovat syrj\u00e4ytt\u00e4neet maalaisj\u00e4rjen k\u00e4yt\u00f6n, vaikka on kohtuutonta vaatia edes yl\u00e4kouluik\u00e4isilt\u00e4 oppilailta itseohjautuvuutta nuoremmista puhumattakaan.<\/p>\n\n\n\n<p>Peruskoulun tarkoitus ei ole yritt\u00e4\u00e4 tuottaa multitaskaavia projektip\u00e4\u00e4llik\u00f6it\u00e4, vaan opettaa lapset lukemaan ja laskemaan.<\/p>\n\n\n\n<p>Lis\u00e4ksi peruskoulun tulee antaa lapsille vahva ja kattava yleissivistys vanhempien tulotasosta ja koulutustaustasta riippumatta aina Hangosta Utsjoelle saakka.&nbsp;<\/p>\n\n\n\n<blockquote class=\"wp-block-quote is-layout-flow wp-block-quote-is-layout-flow\"><p>Opetusministeri\u00f6ss\u00e4 on kuunneltu liikaa elinkeinoel\u00e4m\u00e4n edustajia ja pyritty vastaamaan liiaksi kvartaalitaloudessa h\u00f6yry\u00e4vien konsulttien esitt\u00e4miin vaatimuksiin ja toiveisiin.<\/p><\/blockquote>\n\n\n\n<p><span class=\"korostus\">My\u00f6s<\/span> lukiokoulutus on ymm\u00e4rrett\u00e4v\u00e4 nimenomaan yleissivist\u00e4v\u00e4ksi koulutukseksi, jossa oppilaita tulee kannustaa opiskelemaan englannin lis\u00e4ksi my\u00f6s muita kieli\u00e4.<\/p>\n\n\n\n<p>Lukion ensimm\u00e4ist\u00e4 luokkaa aloittavien ei my\u00f6sk\u00e4\u00e4n tarvitse viel\u00e4 tiet\u00e4\u00e4, mit\u00e4 he aikovat ylioppilaskirjoitusten j\u00e4lkeen tehd\u00e4. T\u00e4t\u00e4 varten on olemassa opinto-ohjaus.<\/p>\n\n\n\n<p>Ammatillisessa koulutuksessa tulee niin ik\u00e4\u00e4n huolehtia siit\u00e4, ett\u00e4 opiskelijat saavat ensin hyv\u00e4n teoriapohjan ja t\u00e4m\u00e4n j\u00e4lkeen vahvan koulutuksen ammatillisiin opintoihin.<\/p>\n\n\n\n<p>Kukaan tuskin haluaa en\u00e4\u00e4 lukea kauhutarinoita vastavalmistuneesta autonasentajasta, joka ei osaa tehd\u00e4 \u00f6ljynvaihtoa.<\/p>\n\n\n\n<p>Oppisopimusmalli on hyv\u00e4 tapa t\u00e4ydent\u00e4\u00e4 ammatillista opetusta, mutta j\u00e4rjestelm\u00e4 ei voi rakentua kokonaisuudessaan oppisopimuspohjalle. Ammatillista koulutusta ei yksinkertaisesti voi ulkoistaa yrityksille.<\/p>\n\n\n\n<p><span class=\"korostus\">Nykytilanne<\/span> ei h\u00e4mm\u00e4styt\u00e4, kun muistetaan suomalaisessa koulutuspolitiikassa vuosien varrella tehdyt virheet.<\/p>\n\n\n\n<p>Opetusministeri\u00f6ss\u00e4 on kuunneltu liikaa elinkeinoel\u00e4m\u00e4n edustajia ja pyritty vastaamaan liiaksi kvartaalitaloudessa h\u00f6yry\u00e4vien konsulttien esitt\u00e4miin vaatimuksiin ja toiveisiin.<\/p>\n\n\n\n<p>Nyt nuorten, ty\u00f6el\u00e4m\u00e4\u00e4n siirtyvien aikuisten lis\u00e4ksi my\u00f6s elinkeinoel\u00e4m\u00e4 itse k\u00e4rsii tehdyist\u00e4 virheist\u00e4. Jotta asiassa p\u00e4\u00e4st\u00e4\u00e4n eteenp\u00e4in, on otettava pari askelta taaksep\u00e4in.&nbsp;<\/p>\n","protected":false},"excerpt":{"rendered":"<p>Suomalainen koulutusj\u00e4rjestelm\u00e4 on viimeisen kymmenen vuoden ajan ollut perus- ja keskiasteen osalta vahvassa murroksessa. Koulutusj\u00e4rjestelm\u00e4\u00e4 uudistettaessa on kuitenkin unohtunut, ett\u00e4 peruskoulun tarkoitus on olla ensisijaisesti yleissivist\u00e4v\u00e4 koulu, jolla on sek\u00e4 opetus- ett\u00e4 kasvatusteht\u00e4v\u00e4. Romahtaneet PISA-tulokset, k\u00e4yt\u00f6sh\u00e4iri\u00f6iset lapset ja uupuneet opettajat kertovat siit\u00e4, ett\u00e4 peruskoulu ei en\u00e4\u00e4 onnistu saavuttamaan kumpaakaan tavoitettaan.&nbsp; Vaikka oppilaskohtaiset kustannukset ovat kasvaneet, [&hellip;]<\/p>\n","protected":false},"author":553,"featured_media":0,"comment_status":"open","ping_status":"open","sticky":false,"template":"","format":"standard","meta":{"_acf_changed":false,"asauth_ispaid":"","asauth_cansharepaid":"","footnotes":""},"categories":[2],"tags":[],"class_list":["post-44","post","type-post","status-publish","format-standard","hentry","category-blogit"],"acf":[],"sm_post_category_name":"Blogit","sm_post_category_link":"https:\/\/www.suomenmaa.fi\/antti-mulari\/category\/blogit\/","sm_post_create_date_time":"22.2.2023 8.29","_links":{"self":[{"href":"https:\/\/www.suomenmaa.fi\/antti-mulari\/wp-json\/wp\/v2\/posts\/44","targetHints":{"allow":["GET"]}}],"collection":[{"href":"https:\/\/www.suomenmaa.fi\/antti-mulari\/wp-json\/wp\/v2\/posts"}],"about":[{"href":"https:\/\/www.suomenmaa.fi\/antti-mulari\/wp-json\/wp\/v2\/types\/post"}],"author":[{"embeddable":true,"href":"https:\/\/www.suomenmaa.fi\/antti-mulari\/wp-json\/wp\/v2\/users\/553"}],"replies":[{"embeddable":true,"href":"https:\/\/www.suomenmaa.fi\/antti-mulari\/wp-json\/wp\/v2\/comments?post=44"}],"version-history":[{"count":0,"href":"https:\/\/www.suomenmaa.fi\/antti-mulari\/wp-json\/wp\/v2\/posts\/44\/revisions"}],"wp:attachment":[{"href":"https:\/\/www.suomenmaa.fi\/antti-mulari\/wp-json\/wp\/v2\/media?parent=44"}],"wp:term":[{"taxonomy":"category","embeddable":true,"href":"https:\/\/www.suomenmaa.fi\/antti-mulari\/wp-json\/wp\/v2\/categories?post=44"},{"taxonomy":"post_tag","embeddable":true,"href":"https:\/\/www.suomenmaa.fi\/antti-mulari\/wp-json\/wp\/v2\/tags?post=44"}],"curies":[{"name":"wp","href":"https:\/\/api.w.org\/{rel}","templated":true}]}},{"id":39,"date":"2023-01-05T08:21:39","date_gmt":"2023-01-05T06:21:39","guid":{"rendered":"https:\/\/www.suomenmaa.fi\/antti-mulari\/?p=39"},"modified":"2023-01-05T08:22:35","modified_gmt":"2023-01-05T06:22:35","slug":"viherbyrokratia-jarkevan-ymparistonsuojelun-esteena","status":"publish","type":"post","link":"https:\/\/www.suomenmaa.fi\/antti-mulari\/viherbyrokratia-jarkevan-ymparistonsuojelun-esteena\/","title":{"rendered":"Viherbyrokratia j\u00e4rkev\u00e4n ymp\u00e4rist\u00f6nsuojelun esteen\u00e4"},"content":{"rendered":"\n<p>Suomen liitytty\u00e4 Euroopan unioniin erilainen ymp\u00e4rist\u00f6s\u00e4\u00e4ntely on lis\u00e4\u00e4ntynyt r\u00e4j\u00e4hdysm\u00e4isesti. J\u00e4rkev\u00e4n ymp\u00e4rist\u00f6nsuojelun lis\u00e4ksi suuri osa unionista tulevista ylikansallista s\u00e4\u00e4ntelym\u00e4\u00e4r\u00e4yksist\u00e4 on muuttunut ideologisesti v\u00e4rittyneeksi viherbyrokratiaksi.<\/p>\n\n\n\n<p>Valitettavasti my\u00f6s kotimainen lains\u00e4\u00e4t\u00e4j\u00e4 on omaksunut saman ajattelumallin. Tyypillinen esimerkki ylis\u00e4\u00e4ntelyst\u00e4 on taannoinen surullisen kuuluisa j\u00e4tevesiasetus.<\/p>\n\n\n\n<p>Ilmastonmuutoksen torjunta on saanut suorastaan surkuhupaisia piirteit\u00e4 EU:n ottaessa hampaisiinsa suomalaisten saunankiukaat ja puul\u00e4mmityksen.<\/p>\n\n\n\n<p>My\u00f6s turpeenk\u00e4ytt\u00f6\u00f6n liittyv\u00e4t rajoitukset ovat osa jatkumoa. Samaan aikaan EU ajaa voimakkaasti liikenteen s\u00e4hk\u00f6ist\u00e4mist\u00e4, mutta tuntuu unohtavan tyystin biopolttoaineet.\u00a0<\/p>\n\n\n\n<p><span class=\"korostus\">J\u00e4rkev\u00e4t<\/span>, oikeasti ymp\u00e4rist\u00f6ntilaa kohentavat k\u00e4yt\u00e4nteet, kuten p\u00e4\u00e4st\u00f6kauppa ja materiaalien kierr\u00e4tt\u00e4minen, uhkaavat hautautua ideologisen n\u00e4pertelyn alle.<\/p>\n\n\n\n<p>Yksi esimerkki viherbyrokratiasta on petopolitiikka. Luonnonsuojeluj\u00e4rjest\u00f6t, joiden aktiivit asuvat Keh\u00e4kolmosen sis\u00e4ll\u00e4 punavihre\u00e4ss\u00e4 kuplassaan ovat l\u00f6yt\u00e4neet laista porsaanrei\u00e4t vaikeuttaakseen valituksillaan laillisia susijahteja maakunnissa.\u00a0<\/p>\n\n\n\n<p>Ymp\u00e4rist\u00f6s\u00e4\u00e4ntelyyn kuuluu olennaisena osana ns. joustavat normit, mik\u00e4 tarkoittaa sit\u00e4, ettei lains\u00e4\u00e4d\u00e4nn\u00f6n sis\u00e4lt\u00f6\u00e4 ole t\u00e4sm\u00e4llisesti m\u00e4\u00e4ritelty.<\/p>\n\n\n\n<p>K\u00e4yt\u00e4nn\u00f6ss\u00e4 t\u00e4m\u00e4 antaa lakia soveltaville virkamiehille mahdollisuuden k\u00e4ytt\u00e4\u00e4 tulkintatilanteissa omaa harkintavaltaa vedett\u00e4ess\u00e4 rajaa siihen, onko lakia rikottu.<\/p>\n\n\n\n<p>T\u00e4llainen tilanne mahdollistaa sen, ett\u00e4 viherbyrokraatti p\u00e4\u00e4see soveltamaan omia ideologisia n\u00e4kemyksi\u00e4\u00e4n hallintotoimintaan.<\/p>\n\n\n\n<blockquote class=\"wp-block-quote is-layout-flow wp-block-quote-is-layout-flow\"><p>Ei ole vaikea ennustaa, ett\u00e4 seuraavana on vuorossa kompostimaksu.<\/p><\/blockquote>\n\n\n\n<p><span class=\"korostus\">T\u00e4m\u00e4<\/span> kaikki on omiaan lis\u00e4\u00e4m\u00e4\u00e4n kansalaisten EU:ta kohtaan tuntemaa ep\u00e4luuloa ja katkeruutta.<\/p>\n\n\n\n<p>Uusin EU-tason saavutus on ennallistamisasetus, joka uhkaa vaatimuksineen koko suomalaista mets\u00e4taloutta. Kotimaassa taas on innovoitu komposti-ilmoitus.<\/p>\n\n\n\n<p>Ei ole vaikea ennustaa, ett\u00e4 seuraavana on vuorossa kompostimaksu. Pit\u00e4\u00e4h\u00e4n koiraveron tilalle jokin muut hullutus keksi\u00e4.<\/p>\n\n\n\n<p>EU ja kotimaiset viherbyrokraatit vaikeuttavat kansalaisten el\u00e4m\u00e4\u00e4. Voi vain kysy\u00e4, milloin joku vihelt\u00e4\u00e4 pelin poikki ja uskaltaa sanoa: Komissaarilla ei ole vaatteita!<\/p>\n","protected":false},"excerpt":{"rendered":"<p>Suomen liitytty\u00e4 Euroopan unioniin erilainen ymp\u00e4rist\u00f6s\u00e4\u00e4ntely on lis\u00e4\u00e4ntynyt r\u00e4j\u00e4hdysm\u00e4isesti. J\u00e4rkev\u00e4n ymp\u00e4rist\u00f6nsuojelun lis\u00e4ksi suuri osa unionista tulevista ylikansallista s\u00e4\u00e4ntelym\u00e4\u00e4r\u00e4yksist\u00e4 on muuttunut ideologisesti v\u00e4rittyneeksi viherbyrokratiaksi. Valitettavasti my\u00f6s kotimainen lains\u00e4\u00e4t\u00e4j\u00e4 on omaksunut saman ajattelumallin. Tyypillinen esimerkki ylis\u00e4\u00e4ntelyst\u00e4 on taannoinen surullisen kuuluisa j\u00e4tevesiasetus. Ilmastonmuutoksen torjunta on saanut suorastaan surkuhupaisia piirteit\u00e4 EU:n ottaessa hampaisiinsa suomalaisten saunankiukaat ja puul\u00e4mmityksen. My\u00f6s turpeenk\u00e4ytt\u00f6\u00f6n [&hellip;]<\/p>\n","protected":false},"author":553,"featured_media":0,"comment_status":"open","ping_status":"open","sticky":false,"template":"","format":"standard","meta":{"_acf_changed":false,"asauth_ispaid":"","asauth_cansharepaid":"","footnotes":""},"categories":[2],"tags":[],"class_list":["post-39","post","type-post","status-publish","format-standard","hentry","category-blogit"],"acf":[],"sm_post_category_name":"Blogit","sm_post_category_link":"https:\/\/www.suomenmaa.fi\/antti-mulari\/category\/blogit\/","sm_post_create_date_time":"5.1.2023 8.21","_links":{"self":[{"href":"https:\/\/www.suomenmaa.fi\/antti-mulari\/wp-json\/wp\/v2\/posts\/39","targetHints":{"allow":["GET"]}}],"collection":[{"href":"https:\/\/www.suomenmaa.fi\/antti-mulari\/wp-json\/wp\/v2\/posts"}],"about":[{"href":"https:\/\/www.suomenmaa.fi\/antti-mulari\/wp-json\/wp\/v2\/types\/post"}],"author":[{"embeddable":true,"href":"https:\/\/www.suomenmaa.fi\/antti-mulari\/wp-json\/wp\/v2\/users\/553"}],"replies":[{"embeddable":true,"href":"https:\/\/www.suomenmaa.fi\/antti-mulari\/wp-json\/wp\/v2\/comments?post=39"}],"version-history":[{"count":0,"href":"https:\/\/www.suomenmaa.fi\/antti-mulari\/wp-json\/wp\/v2\/posts\/39\/revisions"}],"wp:attachment":[{"href":"https:\/\/www.suomenmaa.fi\/antti-mulari\/wp-json\/wp\/v2\/media?parent=39"}],"wp:term":[{"taxonomy":"category","embeddable":true,"href":"https:\/\/www.suomenmaa.fi\/antti-mulari\/wp-json\/wp\/v2\/categories?post=39"},{"taxonomy":"post_tag","embeddable":true,"href":"https:\/\/www.suomenmaa.fi\/antti-mulari\/wp-json\/wp\/v2\/tags?post=39"}],"curies":[{"name":"wp","href":"https:\/\/api.w.org\/{rel}","templated":true}]}},{"id":36,"date":"2022-11-16T08:47:32","date_gmt":"2022-11-16T06:47:32","guid":{"rendered":"https:\/\/www.suomenmaa.fi\/antti-mulari\/?p=36"},"modified":"2022-11-16T08:47:33","modified_gmt":"2022-11-16T06:47:33","slug":"pelastetaan-peruskoulu","status":"publish","type":"post","link":"https:\/\/www.suomenmaa.fi\/antti-mulari\/pelastetaan-peruskoulu\/","title":{"rendered":"Pelastetaan peruskoulu!"},"content":{"rendered":"\n<p>Suomi on pudonnut PISA-tutkimustulosten k\u00e4rjest\u00e4 vuosi vuodelta yh\u00e4 kauemmas. Putoaminen selittyy inkluusiomallin k\u00e4ytt\u00f6\u00f6notolla, hankehumpalla ja digitaalisten v\u00e4lineiden lis\u00e4\u00e4ntymisell\u00e4 sek\u00e4 oppikirjoista luopumisella. Monissa kunnissa on muodostettu ylisuuria luokkia.<\/p>\n\n\n\n<p>Yleisesti asiaa on l\u00e4hdetty paikkaamaan h\u00f6lm\u00f6l\u00e4isten tyyliin peittoa toisesta p\u00e4\u00e4st\u00e4 leikkaamalla ja toisesta p\u00e4\u00e4st\u00e4 jatkamalla eli opettajia on v\u00e4hennetty, mutta normaaliin perusopetukseen on palkattu apuopettajiksi koulunk\u00e4yntiavustajien armeija.\u00a0<\/p>\n\n\n\n<p><span class=\"korostus\">Kaikkein<\/span> villeimm\u00e4t opettajat ovat kannattaneet pulpetit pois luokista, jotta tuki- ja liikuntaelinsairauksien r\u00e4j\u00e4ht\u00e4minen k\u00e4siin saataisiin varmistettua.<\/p>\n\n\n\n<p>Arkkitehdit ovat piirrelleet koulujen k\u00e4yt\u00e4v\u00e4t t\u00e4yteen puuhanurkkauksia, jotta koulun ja nuorisotalon raja saataisiin h\u00e4ivytetty\u00e4 mahdollisimman tehokkaasti ja jotta tilat olisivat mahdollisimman sokkeloisia ja vaikeasti siivottavia.<\/p>\n\n\n\n<p>Oppilaiden ei en\u00e4\u00e4 kaikissa koulussa tarvitse menn\u00e4 v\u00e4litunneilla ulos ja toisaalta oppitunnit ovat pidentyneet jopa puolitoistatuntisiksi.<\/p>\n\n\n\n<blockquote class=\"wp-block-quote is-layout-flow wp-block-quote-is-layout-flow\"><p>Eip\u00e4 tarvitse ihmetell\u00e4, miksi kouluissa ei en\u00e4\u00e4 ole kuria ja miksi oppimistulokset laskevat.<\/p><\/blockquote>\n\n\n\n<p><span class=\"korostus\">Erityisluokista<\/span> luopuminen on johtanut tilanteeseen, jossa kouluopetus ei en\u00e4\u00e4 vastaa kunnolla oikein kenenk\u00e4\u00e4n tarpeita.<\/p>\n\n\n\n<p>Numeroarvostelusta luopuminen alakoulussa ehti jo johtaa siihen, ettei sen paremmin oppilailla itsell\u00e4\u00e4n kuin heid\u00e4n vanhemmillakaan ole ollut k\u00e4sityst\u00e4 oppilaan todellisesta osaamisen tasosta. Onneksi t\u00e4ss\u00e4 kohtaa on sent\u00e4\u00e4n \u00e4lytty palata vanhaan k\u00e4yt\u00e4nt\u00f6\u00f6n.\u00a0<\/p>\n\n\n\n<p>Koulumenestyksen romahtamisessa on oma vastuunsa my\u00f6s kodeilla, mutta koulun tulisi pyrki\u00e4 tukemaan oppilaita eik\u00e4 omilla toimillaan korostaa kotien ongelmia.&nbsp; Eip\u00e4 tarvitse ihmetell\u00e4, miksi kouluissa ei en\u00e4\u00e4 ole kuria ja miksi oppimistulokset laskevat.<\/p>\n\n\n\n<p><span class=\"korostus\">Asia<\/span> on korjattava palauttamalla erityisluokat takaisin kouluihin ja huolehtimalla siit\u00e4, ett\u00e4 luokkakoko pysyy kohtuullisena.<\/p>\n\n\n\n<p>Opettajille ja opetusta nauttiville oppilaille on luotava sellaiset olosuhteet, joissa opettaja pystyy suoriutumaan normaalista ty\u00f6st\u00e4\u00e4n ilman assistenttia.<\/p>\n\n\n\n<p>Koulunk\u00e4yntiavustajia tarvitaan erityistilanteissa, mutta he eiv\u00e4t ole mik\u00e4\u00e4n subjektiivinen oikeus.<\/p>\n\n\n\n<p>Hankehumpan ja wilma-viesti-sulkeisten sijaan opettajien on annettava keskitty\u00e4 itse perusty\u00f6h\u00f6n.<\/p>\n\n\n\n<p>Perinteinen liitutaulu on k\u00e4ytt\u00f6liittym\u00e4n\u00e4 tuttu, turvallinen, halpa ja viel\u00e4p\u00e4 immuuni verkkohy\u00f6kk\u00e4yksille ja tietoteknisten taitojen puutteelle.<\/p>\n\n\n\n<p>Sen sijaan, ett\u00e4 rahat k\u00e4ytet\u00e4\u00e4n digikilpavarusteluun, on opetustoimen rahoitus ohjattava jatkossa tehokkaasti. Opetusministeri\u00f6n virkamiesten on tunnustettava tehdyt virheet ja korjattava kurssia, jotta suomalainen peruskouluj\u00e4rjestelm\u00e4 saadaan pelastettua.\u00a0<\/p>\n","protected":false},"excerpt":{"rendered":"<p>Suomi on pudonnut PISA-tutkimustulosten k\u00e4rjest\u00e4 vuosi vuodelta yh\u00e4 kauemmas. Putoaminen selittyy inkluusiomallin k\u00e4ytt\u00f6\u00f6notolla, hankehumpalla ja digitaalisten v\u00e4lineiden lis\u00e4\u00e4ntymisell\u00e4 sek\u00e4 oppikirjoista luopumisella. Monissa kunnissa on muodostettu ylisuuria luokkia. Yleisesti asiaa on l\u00e4hdetty paikkaamaan h\u00f6lm\u00f6l\u00e4isten tyyliin peittoa toisesta p\u00e4\u00e4st\u00e4 leikkaamalla ja toisesta p\u00e4\u00e4st\u00e4 jatkamalla eli opettajia on v\u00e4hennetty, mutta normaaliin perusopetukseen on palkattu apuopettajiksi koulunk\u00e4yntiavustajien armeija.\u00a0 Kaikkein [&hellip;]<\/p>\n","protected":false},"author":553,"featured_media":0,"comment_status":"open","ping_status":"open","sticky":false,"template":"","format":"standard","meta":{"_acf_changed":false,"asauth_ispaid":"","asauth_cansharepaid":"","footnotes":""},"categories":[2],"tags":[],"class_list":["post-36","post","type-post","status-publish","format-standard","hentry","category-blogit"],"acf":[],"sm_post_category_name":"Blogit","sm_post_category_link":"https:\/\/www.suomenmaa.fi\/antti-mulari\/category\/blogit\/","sm_post_create_date_time":"16.11.2022 8.47","_links":{"self":[{"href":"https:\/\/www.suomenmaa.fi\/antti-mulari\/wp-json\/wp\/v2\/posts\/36","targetHints":{"allow":["GET"]}}],"collection":[{"href":"https:\/\/www.suomenmaa.fi\/antti-mulari\/wp-json\/wp\/v2\/posts"}],"about":[{"href":"https:\/\/www.suomenmaa.fi\/antti-mulari\/wp-json\/wp\/v2\/types\/post"}],"author":[{"embeddable":true,"href":"https:\/\/www.suomenmaa.fi\/antti-mulari\/wp-json\/wp\/v2\/users\/553"}],"replies":[{"embeddable":true,"href":"https:\/\/www.suomenmaa.fi\/antti-mulari\/wp-json\/wp\/v2\/comments?post=36"}],"version-history":[{"count":0,"href":"https:\/\/www.suomenmaa.fi\/antti-mulari\/wp-json\/wp\/v2\/posts\/36\/revisions"}],"wp:attachment":[{"href":"https:\/\/www.suomenmaa.fi\/antti-mulari\/wp-json\/wp\/v2\/media?parent=36"}],"wp:term":[{"taxonomy":"category","embeddable":true,"href":"https:\/\/www.suomenmaa.fi\/antti-mulari\/wp-json\/wp\/v2\/categories?post=36"},{"taxonomy":"post_tag","embeddable":true,"href":"https:\/\/www.suomenmaa.fi\/antti-mulari\/wp-json\/wp\/v2\/tags?post=36"}],"curies":[{"name":"wp","href":"https:\/\/api.w.org\/{rel}","templated":true}]}},{"id":31,"date":"2022-09-28T09:57:57","date_gmt":"2022-09-28T06:57:57","guid":{"rendered":"https:\/\/www.suomenmaa.fi\/antti-mulari\/?p=31"},"modified":"2022-09-28T09:57:57","modified_gmt":"2022-09-28T06:57:57","slug":"suomen-jatkettava-vakauspolitiikkaa-myos-naton-jasenena","status":"publish","type":"post","link":"https:\/\/www.suomenmaa.fi\/antti-mulari\/suomen-jatkettava-vakauspolitiikkaa-myos-naton-jasenena\/","title":{"rendered":"Suomen jatkettava vakauspolitiikkaa my\u00f6s Naton j\u00e4senen\u00e4"},"content":{"rendered":"\n<p>Suomen tulevan Nato-j\u00e4senyyden vaikutukset ulkopolitiikkaamme puhuttavat. Keskustelua k\u00e4yd\u00e4\u00e4n siit\u00e4, miten Suomen ulkopolitiikka ja asema muuttuvat tulevaisuudessa.<\/p>\n\n\n\n<p>Vaikka Suomen turvallisuuspoliittinen asema muuttuu Natoon liittymisen my\u00f6t\u00e4, on ulkopolitiikassa syyt\u00e4 edelleen jatkaa hyv\u00e4ksi havaittua vakauspolitiikkaa.<\/p>\n\n\n\n<p>Suomi maana ja me suomalaiset kansana emme hy\u00f6dy mit\u00e4\u00e4n siit\u00e4, ett\u00e4 l\u00e4hdemme kilvoittelemaan Viron kanssa siit\u00e4, kummalla on huonommat suhteet Ven\u00e4j\u00e4n kanssa.<\/p>\n\n\n\n<p>Meid\u00e4n ei pid\u00e4 suhtautua sinisilm\u00e4isesti Ven\u00e4j\u00e4\u00e4n, muttei toisaalta my\u00f6sk\u00e4\u00e4n kuvitella, ett\u00e4 EU-j\u00e4senyyden ja tulevan Nato-j\u00e4senyyden my\u00f6t\u00e4 Bryssel tai Washington hoitaa puolestamme ulkopolitiikan ja id\u00e4nsuhteet jatkossa.<\/p>\n\n\n\n<p>Pohjola tarvitsee vakauttavaa politiikkaa ja siin\u00e4 Suomella on t\u00e4rke\u00e4 teht\u00e4v\u00e4 jo pelk\u00e4st\u00e4\u00e4n asevarustelukierteen hillitsemiseksi.\u00a0<\/p>\n\n\n\n<p><span class=\"korostus\">Ep\u00e4luuloa<\/span> ja vastakkainasettelua ei tarvitse nykytilanteessa erikseen kylv\u00e4\u00e4, sit\u00e4 kyll\u00e4 versoaa ihan ilmankin riitt\u00e4miin.<\/p>\n\n\n\n<p>Ulkopolitiikan hoidossa diplomatian tulee olla ensisijainen keino nyt ja tulevaisuudessa. Erityisen t\u00e4rke\u00e4\u00e4 t\u00e4m\u00e4 tulee olemaan Ukrainan sodan j\u00e4lkeen kun naapuruussuhteita rakennetaan enempi tai v\u00e4hempi nollatason alapuolelta ei pelk\u00e4st\u00e4\u00e4n Ukrainan ja Ven\u00e4j\u00e4n kesken, vaan l\u00e4nnen ja Ven\u00e4j\u00e4n kesken.<\/p>\n\n\n\n<p>Kun politiikka on rikki, ei se korjaannu lis\u00e4\u00e4 repim\u00e4ll\u00e4.\u00a0<\/p>\n\n\n\n<blockquote class=\"wp-block-quote is-layout-flow wp-block-quote-is-layout-flow\"><p>Eniten diplomatiaa tarvitaan juuri vaikeina aikoina.<\/p><\/blockquote>\n\n\n\n<p><span class=\"korostus\">Ruotsi<\/span> on n\u00e4hty Suomessa esimerkkin\u00e4 kokoaan suuremmasta maasta, joka on diplomatian suurvalta.<\/p>\n\n\n\n<p>Sen sijaan, ett\u00e4 Suomi l\u00e4htisi itse profiloimaan itse\u00e4\u00e4n Baltian maiden joukkoon ulkopolitiikan perusperiaatteita ja toimintamalleja muuttamalla on meid\u00e4n oltava my\u00f6s jatkossa yksi Pohjoismaista.<\/p>\n\n\n\n<p>T\u00e4m\u00e4 vaatii yhteisty\u00f6t\u00e4 ja vuoropuhelua kaikkiin ilmansuuntiin. Erityisesti t\u00e4m\u00e4 korostuu silloin kun keskustelu on vaikeaa ja yhteisty\u00f6 per\u00e4ti vastenmielist\u00e4.<\/p>\n\n\n\n<p>Kuitenkin eniten diplomatiaa tarvitaan juuri vaikeina aikoina. T\u00e4m\u00e4n p\u00e4iv\u00e4n varttuneemmat ik\u00e4polvet muistavat Kuuban kriisin, jolloin maailma oli ydinsodan partaalla. Kriisi laukesi lopulta diplomatian avulla.\u00a0<\/p>\n\n\n\n<p>On hyv\u00e4 muistaa my\u00f6s se, ettei <strong>Putininkaan<\/strong> kausi ole ikuinen, vaan valta vaihtuu my\u00f6s Ven\u00e4j\u00e4ll\u00e4 ennemmin tai my\u00f6hemmin.<\/p>\n\n\n\n<p>T\u00e4rke\u00e4\u00e4 on, ett\u00e4 uusi johto pyrit\u00e4\u00e4n mahdollisuuksien mukaan sitomaan yhteisty\u00f6h\u00f6n. Teht\u00e4v\u00e4 on vaikea, mutta viel\u00e4 vaikeampaa siit\u00e4 tulee ilman diplomatiaa ja vakauspolitiikkaa.\u00a0<\/p>\n","protected":false},"excerpt":{"rendered":"<p>Suomen tulevan Nato-j\u00e4senyyden vaikutukset ulkopolitiikkaamme puhuttavat. Keskustelua k\u00e4yd\u00e4\u00e4n siit\u00e4, miten Suomen ulkopolitiikka ja asema muuttuvat tulevaisuudessa. Vaikka Suomen turvallisuuspoliittinen asema muuttuu Natoon liittymisen my\u00f6t\u00e4, on ulkopolitiikassa syyt\u00e4 edelleen jatkaa hyv\u00e4ksi havaittua vakauspolitiikkaa. Suomi maana ja me suomalaiset kansana emme hy\u00f6dy mit\u00e4\u00e4n siit\u00e4, ett\u00e4 l\u00e4hdemme kilvoittelemaan Viron kanssa siit\u00e4, kummalla on huonommat suhteet Ven\u00e4j\u00e4n kanssa. Meid\u00e4n [&hellip;]<\/p>\n","protected":false},"author":553,"featured_media":0,"comment_status":"open","ping_status":"open","sticky":false,"template":"","format":"standard","meta":{"_acf_changed":false,"asauth_ispaid":"","asauth_cansharepaid":"","footnotes":""},"categories":[2],"tags":[],"class_list":["post-31","post","type-post","status-publish","format-standard","hentry","category-blogit"],"acf":[],"sm_post_category_name":"Blogit","sm_post_category_link":"https:\/\/www.suomenmaa.fi\/antti-mulari\/category\/blogit\/","sm_post_create_date_time":"28.9.2022 9.57","_links":{"self":[{"href":"https:\/\/www.suomenmaa.fi\/antti-mulari\/wp-json\/wp\/v2\/posts\/31","targetHints":{"allow":["GET"]}}],"collection":[{"href":"https:\/\/www.suomenmaa.fi\/antti-mulari\/wp-json\/wp\/v2\/posts"}],"about":[{"href":"https:\/\/www.suomenmaa.fi\/antti-mulari\/wp-json\/wp\/v2\/types\/post"}],"author":[{"embeddable":true,"href":"https:\/\/www.suomenmaa.fi\/antti-mulari\/wp-json\/wp\/v2\/users\/553"}],"replies":[{"embeddable":true,"href":"https:\/\/www.suomenmaa.fi\/antti-mulari\/wp-json\/wp\/v2\/comments?post=31"}],"version-history":[{"count":0,"href":"https:\/\/www.suomenmaa.fi\/antti-mulari\/wp-json\/wp\/v2\/posts\/31\/revisions"}],"wp:attachment":[{"href":"https:\/\/www.suomenmaa.fi\/antti-mulari\/wp-json\/wp\/v2\/media?parent=31"}],"wp:term":[{"taxonomy":"category","embeddable":true,"href":"https:\/\/www.suomenmaa.fi\/antti-mulari\/wp-json\/wp\/v2\/categories?post=31"},{"taxonomy":"post_tag","embeddable":true,"href":"https:\/\/www.suomenmaa.fi\/antti-mulari\/wp-json\/wp\/v2\/tags?post=31"}],"curies":[{"name":"wp","href":"https:\/\/api.w.org\/{rel}","templated":true}]}},{"id":26,"date":"2022-06-08T09:11:09","date_gmt":"2022-06-08T06:11:09","guid":{"rendered":"https:\/\/www.suomenmaa.fi\/antti-mulari\/?p=26"},"modified":"2022-06-08T09:11:10","modified_gmt":"2022-06-08T06:11:10","slug":"todelliset-rauhanpuolustajat","status":"publish","type":"post","link":"https:\/\/www.suomenmaa.fi\/antti-mulari\/todelliset-rauhanpuolustajat\/","title":{"rendered":"Todelliset rauhanpuolustajat"},"content":{"rendered":"\n<p>Meid\u00e4t on haluttu opettaa arvostamaan sellaisia pasifisteja kuin ranskalainen <strong>Jean Paul Sartre<\/strong> tai suomalainen <strong>Yrj\u00f6 Kallinen<\/strong>.<\/p>\n\n\n\n<p>Heill\u00e4 on ihmiskunnalle selke\u00e4 viesti: Miekat auroiksi! Filosofeilla on mahdollisuus p\u00e4hk\u00e4ill\u00e4 asioita omassa kuplassaan todellisuuden h\u00e4iritsem\u00e4tt\u00e4.<\/p>\n\n\n\n<p>Lopputuloksena on yksinkertainen patenttiratkaisu monimutkaiseen ongelmaan. Mielenkiintoista asiassa on se, ett\u00e4 totaalisen aseistariisunnan vaatiminen on omalla tavallaan \u00e4\u00e4riajattelua.<\/p>\n\n\n\n<p>Asioiden yksinkertaistamisesta syytet\u00e4\u00e4n usein populistipuolueita, harvoin filosofeja. Kuitenkaan kaikki \u00e4lyk\u00f6t eiv\u00e4t sorru yksinkertaistamaan asioita, esimerkkin\u00e4 Yhdysvaltain entinen ulkoministeri <strong>Henry Kissinger<\/strong>.<\/p>\n\n\n\n<p>Kansan ja realistisesti ajattelevien \u00e4lykk\u00f6jen n\u00e4kemykset ovat siis l\u00e4hemp\u00e4n\u00e4 toisiaan kuin kansan ja haihattelijapasifistien.\u00a0<\/p>\n\n\n\n<p><span class=\"korostus\">Osa<\/span> poliitikoista, kuten esimerkiksi presidentti <strong>Tarja Halonen<\/strong> ja kansanedustaja <strong>Erkki Tuomioja<\/strong>, on omaksunut Kallisen viestin niin vahvasti, ett\u00e4 on ollut valmis yksipuoliseen aseistariisuntaan.<\/p>\n\n\n\n<p>R\u00e4ikeimp\u00e4n\u00e4 esimerkkin\u00e4 t\u00e4st\u00e4 on jalkav\u00e4kimiinat kielt\u00e4v\u00e4\u00e4n Ottawan sopimukseen liittyminen. Kylm\u00e4n sodan aikana l\u00e4nness\u00e4 toimi erilaisia peitej\u00e4rjest\u00f6j\u00e4, joiden tarkoituksena oli heikent\u00e4\u00e4 maanpuolustusta ja maanpuolustustahtoa.<\/p>\n\n\n\n<p>Meill\u00e4 Suomessa t\u00e4st\u00e4 on esimerkkin\u00e4 Rauhanpuolustajat. Kuvaavaa oli, ett\u00e4 vasemmistolaiset j\u00e4rjest\u00f6t puhuivat Neuvostoliiton ydink\u00e4rjist\u00e4 rauhanpommeina ja tuomitsivat suurvaltojen kolmansiin maihin tekem\u00e4t invaasiot, mutta valikoiden.\u00a0<\/p>\n\n\n\n<blockquote class=\"wp-block-quote is-layout-flow wp-block-quote-is-layout-flow\"><p>Todelliset rauhanpuolustajat eiv\u00e4t haihattele omissa pilvilinnoissaan, vaan pit\u00e4v\u00e4t huolta yht\u00e4 lailla oman maan armeijan puolustuskyvyst\u00e4 ja kansalaisten hyvinvoinnista, koulutuksesta ja osallisuudesta.<\/p><\/blockquote>\n\n\n\n<p><span class=\"korostus\">Ajatus<\/span> aseettomasta ja v\u00e4kivallattomasta maailmasta on toki kaunis, mutta se on t\u00e4ytt\u00e4 utopiaa.<\/p>\n\n\n\n<p>Maailmanhistoria on t\u00e4ynn\u00e4 esimerkkej\u00e4 siit\u00e4, kuinka se, jolla on vahvempi armeija ja paremmat aseet, on valloittanut pienempien ja heikompien maat ja alueet tai muuten alistanut n\u00e4m\u00e4 valtaansa.<\/p>\n\n\n\n<p>Valloitussotaan liittyv\u00e4t etniset puhdistukset, murhat, raiskaukset ja kidutukset eiv\u00e4t niin ik\u00e4\u00e4n ole mik\u00e4\u00e4n 1900-luvun keksint\u00f6.\u00a0<\/p>\n\n\n\n<p><span class=\"korostus\">Yksipuolinen<\/span> aseistariisunta on vaarallista. Oman armeijan suorituskyvyn heikent\u00e4minen sataa muiden laariin.<\/p>\n\n\n\n<p>T\u00e4h\u00e4n asiaan ovat Saksa ja Ruotsi her\u00e4nneet yhdennell\u00e4toista hetkell\u00e4. Natsi-Saksassa ja Neuvostoliitossa taas n\u00e4imme, mihin militarismi ja hampaisiin saakka aseistautuminen johtavat. Kummassakaan ei ole j\u00e4rke\u00e4.<\/p>\n\n\n\n<p>Todelliset rauhanpuolustajat eiv\u00e4t haihattele omissa pilvilinnoissaan, vaan pit\u00e4v\u00e4t huolta yht\u00e4 lailla oman maan armeijan puolustuskyvyst\u00e4 ja kansalaisten hyvinvoinnista, koulutuksesta ja osallisuudesta.<\/p>\n\n\n\n<p>Jos jokin maa muodostaa naapureilleen sellaisen uhan, mit\u00e4 ei voida torjua omalla varautumisella, on parempi liittoutua muiden kanssa, jotta sodan syttyminen voidaan varmasti ehk\u00e4ist\u00e4.<\/p>\n\n\n\n<p>Onneksi me suomalaiset olemme kansakuntana ymm\u00e4rt\u00e4neet asian.<\/p>\n","protected":false},"excerpt":{"rendered":"<p>Meid\u00e4t on haluttu opettaa arvostamaan sellaisia pasifisteja kuin ranskalainen Jean Paul Sartre tai suomalainen Yrj\u00f6 Kallinen. Heill\u00e4 on ihmiskunnalle selke\u00e4 viesti: Miekat auroiksi! Filosofeilla on mahdollisuus p\u00e4hk\u00e4ill\u00e4 asioita omassa kuplassaan todellisuuden h\u00e4iritsem\u00e4tt\u00e4. Lopputuloksena on yksinkertainen patenttiratkaisu monimutkaiseen ongelmaan. Mielenkiintoista asiassa on se, ett\u00e4 totaalisen aseistariisunnan vaatiminen on omalla tavallaan \u00e4\u00e4riajattelua. Asioiden yksinkertaistamisesta syytet\u00e4\u00e4n usein populistipuolueita, [&hellip;]<\/p>\n","protected":false},"author":553,"featured_media":0,"comment_status":"open","ping_status":"open","sticky":false,"template":"","format":"standard","meta":{"_acf_changed":false,"asauth_ispaid":"","asauth_cansharepaid":"","footnotes":""},"categories":[2],"tags":[],"class_list":["post-26","post","type-post","status-publish","format-standard","hentry","category-blogit"],"acf":[],"sm_post_category_name":"Blogit","sm_post_category_link":"https:\/\/www.suomenmaa.fi\/antti-mulari\/category\/blogit\/","sm_post_create_date_time":"8.6.2022 9.11","_links":{"self":[{"href":"https:\/\/www.suomenmaa.fi\/antti-mulari\/wp-json\/wp\/v2\/posts\/26","targetHints":{"allow":["GET"]}}],"collection":[{"href":"https:\/\/www.suomenmaa.fi\/antti-mulari\/wp-json\/wp\/v2\/posts"}],"about":[{"href":"https:\/\/www.suomenmaa.fi\/antti-mulari\/wp-json\/wp\/v2\/types\/post"}],"author":[{"embeddable":true,"href":"https:\/\/www.suomenmaa.fi\/antti-mulari\/wp-json\/wp\/v2\/users\/553"}],"replies":[{"embeddable":true,"href":"https:\/\/www.suomenmaa.fi\/antti-mulari\/wp-json\/wp\/v2\/comments?post=26"}],"version-history":[{"count":0,"href":"https:\/\/www.suomenmaa.fi\/antti-mulari\/wp-json\/wp\/v2\/posts\/26\/revisions"}],"wp:attachment":[{"href":"https:\/\/www.suomenmaa.fi\/antti-mulari\/wp-json\/wp\/v2\/media?parent=26"}],"wp:term":[{"taxonomy":"category","embeddable":true,"href":"https:\/\/www.suomenmaa.fi\/antti-mulari\/wp-json\/wp\/v2\/categories?post=26"},{"taxonomy":"post_tag","embeddable":true,"href":"https:\/\/www.suomenmaa.fi\/antti-mulari\/wp-json\/wp\/v2\/tags?post=26"}],"curies":[{"name":"wp","href":"https:\/\/api.w.org\/{rel}","templated":true}]}},{"id":23,"date":"2022-04-20T09:22:40","date_gmt":"2022-04-20T06:22:40","guid":{"rendered":"https:\/\/www.suomenmaa.fi\/antti-mulari\/?p=23"},"modified":"2022-04-20T09:22:41","modified_gmt":"2022-04-20T06:22:41","slug":"suomen-uusi-turvallisuuspoliittinen-suunta","status":"publish","type":"post","link":"https:\/\/www.suomenmaa.fi\/antti-mulari\/suomen-uusi-turvallisuuspoliittinen-suunta\/","title":{"rendered":"Suomen uusi turvallisuuspoliittinen suunta"},"content":{"rendered":"\n<p>Suomi on pyrkinyt harjoittamallaan puolueettomuuspolitiikalla tukemaan omalta osaltaan rauhaa ja vakautta.<\/p>\n\n\n\n<p>Suurin osa kansalaisista olisi ollut valmis jatkamaan totutulla tiell\u00e4, ellei Ven\u00e4j\u00e4 olisi aloittanut t\u00e4ysimittaista hy\u00f6kk\u00e4yssotaa Ukrainassa ja n\u00e4in horjuttanut Euroopan voimatasapainoa.<\/p>\n\n\n\n<p>Tarve sotilaalliselle liittoutumiselle ei johdu Suomesta.\u00a0<\/p>\n\n\n\n<p><span class=\"korostus\">Suomalaisessa<\/span> poliittisessa puheessa on vilahdellut Nato-optio. Nyt jos koskaan Nato-option k\u00e4ytt\u00f6 on ajankohtaista.<\/p>\n\n\n\n<p>Keskustan puoluevaltuusto antoi Vaasan kokouksessa puoluejohdolle ja ministereille valtuutuksen tehd\u00e4 Suomen kannalta tarvittavat puolustuspoliittiset ratkaisut.\u00a0<\/p>\n\n\n\n<p>Pettymys Ven\u00e4j\u00e4n presidentti <strong>Putinin<\/strong> politiikkaan ja suuren it\u00e4naapurimme toimintaan voi my\u00f6s panna miettim\u00e4\u00e4n menneisyyden ratkaisuja.<\/p>\n\n\n\n<p>Voimme kysy\u00e4, miten meid\u00e4n olisi pit\u00e4nyt hoitaa aiemmin id\u00e4nsuhteitamme ja olisiko meid\u00e4n pit\u00e4nyt liitty\u00e4 Naton j\u00e4seneksi jo 1990-luvulla, kun liityimme EU:hun.<\/p>\n\n\n\n<p>T\u00e4ytyy kuitenkin muistaa, ett\u00e4 meill\u00e4 ei ole ollut k\u00e4yt\u00f6ss\u00e4 kristallipalloa ja toisaalta suurimman osan Neuvostoliiton romahtamisen j\u00e4lkeisest\u00e4 ajasta Ven\u00e4j\u00e4-suhteemme ovat olleet hyv\u00e4t.\u00a0<\/p>\n\n\n\n<p><span class=\"korostus\">Sodan<\/span> j\u00e4lkeen omaksuttu Paasikiven-Kekkosen linja viitoitti tiemme samalla my\u00f6s taloudelliseen menestykseen.<\/p>\n\n\n\n<p>Ei voida varmaksi tiet\u00e4\u00e4, mihin nyttemmin mediassa kilvan ylistetty Junnilan-Ehrnroothin linja olisi johtanut, mutta pieni\u00e4 viitteit\u00e4 mahdollisesta vaihtoehtoisesta historiasta antavat Unkarin ja Tshekkoslovakian tapahtumat vuosilta 1956 ja 1968.<\/p>\n\n\n\n<p>Ideologioihin hirtt\u00e4ytymisen sijaan keskustan ajama ulkopolitiikka on pohjautunut tosiasioiden tunnustamiseen.\u00a0<\/p>\n\n\n\n<blockquote class=\"wp-block-quote is-layout-flow wp-block-quote-is-layout-flow\"><p>Ven\u00e4j\u00e4n harjoittama politiikka ei j\u00e4t\u00e4 Suomelle k\u00e4yt\u00e4nn\u00f6ss\u00e4 muita vaihtoehtoja kuin hakea Nato-j\u00e4senyytt\u00e4. <\/p><\/blockquote>\n\n\n\n<p><span class=\"korostus\">Suomen<\/span> l\u00e4nsi-integraatio on ollut selv\u00e4 jo EU:hun liittymisest\u00e4 l\u00e4htien.<\/p>\n\n\n\n<p>Naton kanssa olemme toimineet tiiviiss\u00e4 yhteisty\u00f6ss\u00e4, vaikka olemme toistaiseksi pysyneet j\u00e4rjest\u00f6n ulkopuolella.<\/p>\n\n\n\n<p>Keskustan sis\u00e4ll\u00e4 p\u00e4\u00e4t\u00f6s liittoutumisesta ei ole kaikille helppo. Politiikassa tulee kuitenkin aikoja, jolloin on teht\u00e4v\u00e4 tilanneanalyysi ja p\u00e4ivitett\u00e4v\u00e4 omia n\u00e4kemyksi\u00e4.<\/p>\n\n\n\n<p>T\u00e4m\u00e4 ei tarkoita sel\u00e4n k\u00e4\u00e4nt\u00e4mist\u00e4 puolueen ja aatteen perinn\u00f6lle. Politiikka el\u00e4\u00e4 silti ajassa ja sen on pystytt\u00e4v\u00e4 uudistumaan.<\/p>\n\n\n\n<p>Ven\u00e4j\u00e4n harjoittama politiikka ei j\u00e4t\u00e4 Suomelle k\u00e4yt\u00e4nn\u00f6ss\u00e4 muita vaihtoehtoja kuin hakea Nato-j\u00e4senyytt\u00e4. Samaan aikaan meid\u00e4n on pidett\u00e4v\u00e4 kuitenkin huolta, ett\u00e4 my\u00f6s jatkossa pid\u00e4mme oman reservil\u00e4isarmeijamme toimintakyvyn nykyisell\u00e4 tasolla.\u00a0<\/p>\n\n\n\n<p><span class=\"korostus\">Kaiken<\/span> muutoksen keskell\u00e4 on kuitenkin muistettava, ett\u00e4 Ven\u00e4j\u00e4 tulee aina olemaan naapurimme.<\/p>\n\n\n\n<p>My\u00f6s tulevaisuudessa Ven\u00e4j\u00e4n kanssa on pystytt\u00e4v\u00e4 k\u00e4ym\u00e4\u00e4n vuoropuhelua ja maidemme v\u00e4lisi\u00e4 suhteita on hoidettava ensisijaisesti diplomatian avulla.<\/p>\n\n\n\n<p>T\u00e4m\u00e4 on vaikeaa, koska luottamus on t\u00e4ll\u00e4 hetkell\u00e4 nollassa.<\/p>\n\n\n\n<p>Kuitenkin muistamme samaan aikaan, ett\u00e4 Suomi ei kuulu Ven\u00e4j\u00e4n etupiiriin ja my\u00f6s Ven\u00e4j\u00e4n on asia ymm\u00e4rrett\u00e4v\u00e4.\u00a0<\/p>\n","protected":false},"excerpt":{"rendered":"<p>Suomi on pyrkinyt harjoittamallaan puolueettomuuspolitiikalla tukemaan omalta osaltaan rauhaa ja vakautta. Suurin osa kansalaisista olisi ollut valmis jatkamaan totutulla tiell\u00e4, ellei Ven\u00e4j\u00e4 olisi aloittanut t\u00e4ysimittaista hy\u00f6kk\u00e4yssotaa Ukrainassa ja n\u00e4in horjuttanut Euroopan voimatasapainoa. Tarve sotilaalliselle liittoutumiselle ei johdu Suomesta.\u00a0 Suomalaisessa poliittisessa puheessa on vilahdellut Nato-optio. Nyt jos koskaan Nato-option k\u00e4ytt\u00f6 on ajankohtaista. Keskustan puoluevaltuusto antoi Vaasan [&hellip;]<\/p>\n","protected":false},"author":553,"featured_media":0,"comment_status":"open","ping_status":"open","sticky":false,"template":"","format":"standard","meta":{"_acf_changed":false,"asauth_ispaid":"","asauth_cansharepaid":"","footnotes":""},"categories":[2],"tags":[],"class_list":["post-23","post","type-post","status-publish","format-standard","hentry","category-blogit"],"acf":[],"sm_post_category_name":"Blogit","sm_post_category_link":"https:\/\/www.suomenmaa.fi\/antti-mulari\/category\/blogit\/","sm_post_create_date_time":"20.4.2022 9.22","_links":{"self":[{"href":"https:\/\/www.suomenmaa.fi\/antti-mulari\/wp-json\/wp\/v2\/posts\/23","targetHints":{"allow":["GET"]}}],"collection":[{"href":"https:\/\/www.suomenmaa.fi\/antti-mulari\/wp-json\/wp\/v2\/posts"}],"about":[{"href":"https:\/\/www.suomenmaa.fi\/antti-mulari\/wp-json\/wp\/v2\/types\/post"}],"author":[{"embeddable":true,"href":"https:\/\/www.suomenmaa.fi\/antti-mulari\/wp-json\/wp\/v2\/users\/553"}],"replies":[{"embeddable":true,"href":"https:\/\/www.suomenmaa.fi\/antti-mulari\/wp-json\/wp\/v2\/comments?post=23"}],"version-history":[{"count":0,"href":"https:\/\/www.suomenmaa.fi\/antti-mulari\/wp-json\/wp\/v2\/posts\/23\/revisions"}],"wp:attachment":[{"href":"https:\/\/www.suomenmaa.fi\/antti-mulari\/wp-json\/wp\/v2\/media?parent=23"}],"wp:term":[{"taxonomy":"category","embeddable":true,"href":"https:\/\/www.suomenmaa.fi\/antti-mulari\/wp-json\/wp\/v2\/categories?post=23"},{"taxonomy":"post_tag","embeddable":true,"href":"https:\/\/www.suomenmaa.fi\/antti-mulari\/wp-json\/wp\/v2\/tags?post=23"}],"curies":[{"name":"wp","href":"https:\/\/api.w.org\/{rel}","templated":true}]}}]