[{"id":8,"date":"2026-08-31T12:06:37","date_gmt":"2026-08-31T09:06:37","guid":{"rendered":"https:\/\/www.suomenmaa.fi\/anna-svanljung\/?p=8"},"modified":"2026-08-31T12:31:09","modified_gmt":"2026-08-31T09:31:09","slug":"pirullisen-ainutkertaisen-elaman-pohdintaa","status":"publish","type":"post","link":"https:\/\/www.suomenmaa.fi\/anna-svanljung\/pirullisen-ainutkertaisen-elaman-pohdintaa\/","title":{"rendered":"Pirullisen ainutkertaisen el\u00e4m\u00e4n pohdintaa"},"content":{"rendered":"\n<p class=\"wp-block-paragraph\">Is\u00e4ni t\u00e4ytti kev\u00e4\u00e4ll\u00e4 80 vuotta, samaisena p\u00e4iv\u00e4n\u00e4 Ruotsin kuningas <strong>Kaarle Kustaan<\/strong> kanssa. \u00c4itini t\u00e4ytt\u00e4\u00e4 joulukuussa 79 vuotta ja rakas t\u00e4tini, is\u00e4ni isosisko, on jo 87-vuotias, syntynyt kev\u00e4ttalvella 1939. <\/p>\n\n\n\n<p class=\"wp-block-paragraph\">Heid\u00e4n el\u00e4m\u00e4ns\u00e4 on v\u00e4\u00e4j\u00e4\u00e4m\u00e4tt\u00e4 ehtoopuolella. Silti he l\u00f6yt\u00e4v\u00e4t jokaisesta p\u00e4iv\u00e4st\u00e4 iloa. Heill\u00e4 on harrastuksia ja yst\u00e4vi\u00e4, ja t\u00e4n\u00e4kin kes\u00e4n\u00e4 he reissasivat kolmistaan Kuhmon kamarimusiikkifestivaaleille, majoittuivat Airbnb-asunnossa ja nauttivat upeista konserteista t\u00e4ysin rinnoin.<\/p>\n\n\n\n<p class=\"wp-block-paragraph\">Heid\u00e4n kanssaan jutellessani ilmassa on kuitenkin aina h\u00e4iv\u00e4hdys surua. Heid\u00e4n mielest\u00e4\u00e4n vanheneminen on pirullista, kun mieli tahtoisi enemm\u00e4n kuin kroppa antaa jaksaa. <\/p>\n\n\n\n<p class=\"wp-block-paragraph\">He surevat sit\u00e4, ett\u00e4 el\u00e4m\u00e4\u00e4 on v\u00e4hemm\u00e4n edess\u00e4 kuin takana, mutta eiv\u00e4t silti lannistu. He tekev\u00e4t tietoisen valinnan tehd\u00e4 jokaisesta p\u00e4iv\u00e4st\u00e4\u00e4n siihen hetkeen parhaan mahdollisen.<\/p>\n\n\n\n<p class=\"wp-block-paragraph\"><span class=\"korostus\">T\u00e4m\u00e4 on<\/span> pohdituttanut minua kuluneena kes\u00e4n\u00e4. Maailma ymp\u00e4rill\u00e4mme on rauhaton ja ennalta-arvaamaton, eik\u00e4 meid\u00e4n taloustilanteemme tai yhteiskuntamme tarjoa aina helppoja l\u00e4ht\u00f6kohtia. <\/p>\n\n\n\n<p class=\"wp-block-paragraph\">Silti tuntuu, ett\u00e4 me sodan ja j\u00e4lleenrakentamisen j\u00e4lkeen syntyneet sukupolvet olemme jotenkin menett\u00e4neet k\u00e4sityksen todellisuudesta. T\u00e4ss\u00e4 nykyisess\u00e4, itsekkyytt\u00e4 ihannoivassa maailmassa k\u00e4perrymme aivan liian helposti omiin huoliimme ja oman el\u00e4m\u00e4mme kurjuuteen. <\/p>\n\n\n\n<p class=\"wp-block-paragraph\">Py\u00f6rit\u00e4mme omia synkki\u00e4 kelojamme n\u00e4kem\u00e4tt\u00e4 sit\u00e4 kaikkea hyv\u00e4\u00e4, mit\u00e4 ymp\u00e4rill\u00e4mme kuitenkin on, asioita, jotka ovat monelle maailmassa pelkk\u00e4\u00e4 unelmaa, kuten puhdas juomavesi tai suhteellisen turvallinen yhteiskunta.<\/p>\n\n\n\n<p class=\"wp-block-paragraph\">Ei sodan j\u00e4lkeist\u00e4 Suomeakaan rakennettu laakereilla lep\u00e4\u00e4m\u00e4ll\u00e4 ja synkistelem\u00e4ll\u00e4. Silloin oli todellinen h\u00e4t\u00e4 ja puute, mutta vaikeudet kohdattiin sitkeydell\u00e4. El\u00e4m\u00e4 muuttuu murehtimalla vain synkemm\u00e4ksi. Moni asia on lopulta kiinni omasta asenteesta.<\/p>\n\n\n\n<p class=\"wp-block-paragraph\"><span class=\"korostus\">En tarkoita<\/span>, etteik\u00f6 vaikeuksia saisi olla tai niist\u00e4 saisi puhua. Jos el\u00e4m\u00e4 olisikin vain yht\u00e4 hymy\u00e4, ei hymyk\u00e4\u00e4n tuntuisi en\u00e4\u00e4 hymylt\u00e4. <\/p>\n\n\n\n<p class=\"wp-block-paragraph\">Mutta meill\u00e4 on vain ja ainoastaan yksi arvokas el\u00e4m\u00e4. Sit\u00e4 ei kannata hukata murehtimiseen, vaan jokaisesta p\u00e4iv\u00e4st\u00e4 tulisi l\u00f6yt\u00e4\u00e4 jotain hyv\u00e4\u00e4, oli se sitten pieni kohtaaminen, katse, luonnon kauneus tai ikkunaan piirtyv\u00e4 sadepisara.<\/p>\n\n\n\n<p class=\"wp-block-paragraph\">Menn\u00e4\u00e4n siis rohkeasti eteenp\u00e4in ja otetaan el\u00e4m\u00e4 vastaan sellaisena kuin se tulee, valoineen ja varjoineen. Juuri edesmenneen <strong>Dolly Partonin<\/strong> viisailla sanoilla: \u201dJos haluaa nauttia sateenkaaresta, t\u00e4ytyy ensin kest\u00e4\u00e4 sade.\u201d<\/p>\n\n\n\n<p class=\"wp-block-paragraph\">Elet\u00e4\u00e4n enemm\u00e4n ja valitetaan v\u00e4hemm\u00e4n. Ikin\u00e4 kun et voi tiet\u00e4\u00e4, onko el\u00e4m\u00e4\u00e4 enemm\u00e4n edess\u00e4 vai jo takana.<\/p>\n","protected":false},"excerpt":{"rendered":"<p>Is\u00e4ni t\u00e4ytti kev\u00e4\u00e4ll\u00e4 80 vuotta, samaisena p\u00e4iv\u00e4n\u00e4 Ruotsin kuningas Kaarle Kustaan kanssa. \u00c4itini t\u00e4ytt\u00e4\u00e4 joulukuussa 79 vuotta ja rakas t\u00e4tini, is\u00e4ni isosisko, on jo 87-vuotias, syntynyt kev\u00e4ttalvella 1939. Heid\u00e4n el\u00e4m\u00e4ns\u00e4 on v\u00e4\u00e4j\u00e4\u00e4m\u00e4tt\u00e4 ehtoopuolella. Silti he l\u00f6yt\u00e4v\u00e4t jokaisesta p\u00e4iv\u00e4st\u00e4 iloa. Heill\u00e4 on harrastuksia ja yst\u00e4vi\u00e4, ja t\u00e4n\u00e4kin kes\u00e4n\u00e4 he reissasivat kolmistaan Kuhmon kamarimusiikkifestivaaleille, majoittuivat Airbnb-asunnossa ja [&hellip;]<\/p>\n","protected":false},"author":909,"featured_media":0,"comment_status":"open","ping_status":"open","sticky":false,"template":"","format":"standard","meta":{"_acf_changed":false,"asauth_ispaid":"","asauth_cansharepaid":"","footnotes":""},"categories":[10],"tags":[],"class_list":["post-8","post","type-post","status-publish","format-standard","hentry","category-blogit"],"acf":[],"sm_post_category_name":"Blogit","sm_post_category_link":"https:\/\/www.suomenmaa.fi\/anna-svanljung\/category\/blogit\/","sm_post_create_date_time":"31.8.2026 12.06","_links":{"self":[{"href":"https:\/\/www.suomenmaa.fi\/anna-svanljung\/wp-json\/wp\/v2\/posts\/8","targetHints":{"allow":["GET"]}}],"collection":[{"href":"https:\/\/www.suomenmaa.fi\/anna-svanljung\/wp-json\/wp\/v2\/posts"}],"about":[{"href":"https:\/\/www.suomenmaa.fi\/anna-svanljung\/wp-json\/wp\/v2\/types\/post"}],"author":[{"embeddable":true,"href":"https:\/\/www.suomenmaa.fi\/anna-svanljung\/wp-json\/wp\/v2\/users\/909"}],"replies":[{"embeddable":true,"href":"https:\/\/www.suomenmaa.fi\/anna-svanljung\/wp-json\/wp\/v2\/comments?post=8"}],"version-history":[{"count":2,"href":"https:\/\/www.suomenmaa.fi\/anna-svanljung\/wp-json\/wp\/v2\/posts\/8\/revisions"}],"predecessor-version":[{"id":11,"href":"https:\/\/www.suomenmaa.fi\/anna-svanljung\/wp-json\/wp\/v2\/posts\/8\/revisions\/11"}],"wp:attachment":[{"href":"https:\/\/www.suomenmaa.fi\/anna-svanljung\/wp-json\/wp\/v2\/media?parent=8"}],"wp:term":[{"taxonomy":"category","embeddable":true,"href":"https:\/\/www.suomenmaa.fi\/anna-svanljung\/wp-json\/wp\/v2\/categories?post=8"},{"taxonomy":"post_tag","embeddable":true,"href":"https:\/\/www.suomenmaa.fi\/anna-svanljung\/wp-json\/wp\/v2\/tags?post=8"}],"curies":[{"name":"wp","href":"https:\/\/api.w.org\/{rel}","templated":true}]}}]