[{"id":20,"date":"2024-11-01T12:15:06","date_gmt":"2024-11-01T10:15:06","guid":{"rendered":"https:\/\/www.suomenmaa.fi\/aleksi-koivisto\/?p=20"},"modified":"2024-11-01T12:15:06","modified_gmt":"2024-11-01T10:15:06","slug":"turun-juna-romuttamolle-levin-tunturijuna-liikkeelle","status":"publish","type":"post","link":"https:\/\/www.suomenmaa.fi\/aleksi-koivisto\/turun-juna-romuttamolle-levin-tunturijuna-liikkeelle\/","title":{"rendered":"Turun juna romuttamolle \u2013 Levin tunturijuna liikkeelle"},"content":{"rendered":"\n<p>Stadilainen frendini on perinteisesti vihreiden \u00e4\u00e4nest\u00e4j\u00e4. Er\u00e4\u00e4n\u00e4 p\u00e4iv\u00e4n\u00e4 h\u00e4n oli turhautunut ja h\u00e4n halusi avautua \u2013 aluepolitiikasta. Yll\u00e4tyin.<\/p>\n\n\n\n<p>H\u00e4n kakisti sen ulos suoraan ja anellen. Ongelma oli t\u00e4m\u00e4: kaikki kev\u00e4\u00e4n autojunat Kolariin olivat j\u00e4lleen loppuunmyytyj\u00e4. Yst\u00e4v\u00e4ni yll\u00e4tti haastamalla: \u201dVoisitteko edes te kepulaiset tehd\u00e4 jotain, ett\u00e4 t\u00e4ss\u00e4 maassa p\u00e4\u00e4sisi Leville junalla?\u201d Helsinkil\u00e4inenkin haaveilee siit\u00e4, ett\u00e4 keskustalla olisi ly\u00f6d\u00e4 yhteiskunnalliseen keskusteluun aluepoliittisia avauksia.<\/p>\n\n\n\n<p><span class=\"korostus\">Levin<\/span> tunturijunan toteuttaminen tosiaan sopisi keskustalaisten ty\u00f6listalle. Keskustalaisista visioista on hallitusvallalla toteutettu merkitt\u00e4vi\u00e4 aluepoliittisia avauksia.<\/p>\n\n\n\n<p><strong>Kekkonen<\/strong> toi tehtaita It\u00e4-Suomeen ja siirsi liikuntatieteellisen tiedekunnan Jyv\u00e4skyl\u00e4\u00e4n. <strong>Vanhasen Matti<\/strong> toteutti Nuuksion kansallispuiston ja monet muut kansallispuistot.<\/p>\n\n\n\n<p>Monet juuri keskustalaiset ovat varmistaneet resursseja kotiseutujensa kouluille, ty\u00f6paikoille ja kriittiselle infralle. Helsinkil\u00e4inen virkamies ja ministeri\u00f6vetoinen teknokratiavalta keskitt\u00e4v\u00e4t kiihtyv\u00e4ll\u00e4 kaavalla.<\/p>\n\n\n\n<p>Aluepoliittiset avaukset ja maakuntien elinvoiman ev\u00e4\u00e4t tulevat poliittisilta p\u00e4\u00e4tt\u00e4jilt\u00e4 ja yleisesti juuri meilt\u00e4 kepulaisilta. On totta, ett\u00e4 onnistuessaan n\u00e4m\u00e4 hankkeet tarvitsevat tukea taakseen yli puoluerajojen.<\/p>\n\n\n\n<p><span class=\"korostus\">Kun<\/span> Rodos on liekeiss\u00e4, Alppien laskettelurinteill\u00e4 n\u00e4kyy nurmikkoa ja Euroopan lomaviikot ylikuumenevat, on katse k\u00e4\u00e4ntym\u00e4ss\u00e4 Pohjoismaihin.<\/p>\n\n\n\n<p>Lapin luonnon lumo on vahvistunut. Kymmenet lentokoneet tuovat p\u00e4ivitt\u00e4in Kittil\u00e4n ja Rovaniemen lentokentille kymmeni\u00e4 tuhansia turisteja kaikkialta maailmasta. Olisi aika satsata kest\u00e4v\u00e4\u00e4n kotimaan matkailuun ja suomalaiseen el\u00e4mystalouteen.<\/p>\n\n\n\n<p>Suomen tulisi toteuttaa liikenneratkaisut, joilla helpotamme liikennett\u00e4 Lappiin. Matkailu- ja ravintola ala on tulevaisuuden kasvuala varsinkin It\u00e4- ja Pohjois-Suomessa.<\/p>\n\n\n\n<blockquote class=\"wp-block-quote is-layout-flow wp-block-quote-is-layout-flow\">\n<p>On aika aloittaa aluepoliittiset avaukset, joita helsinkil\u00e4inenkin haluaa.<\/p>\n<\/blockquote>\n\n\n\n<p><span class=\"korostus\">Meid\u00e4n<\/span> tulisi ly\u00f6d\u00e4 liikkeelle keskustelut Levin tunturijunasta, joka sitoisi Kolarin, Yll\u00e4ksen kyl\u00e4n, Levin kyl\u00e4n ja Kittil\u00e4n lentokent\u00e4n mukaan eurooppalaiseen junaverkostoon.<\/p>\n\n\n\n<p>Valmistelua tulisi l\u00e4hte\u00e4 tekem\u00e4\u00e4n yhdess\u00e4 Lapin kuntien ja elinkeinoel\u00e4m\u00e4n kanssa huomioiden my\u00f6s paikallisj\u00e4nnitteet liittyen saamelaisten oikeuksiin.<\/p>\n\n\n\n<p>Ratkaisut on mahdollista l\u00f6yt\u00e4\u00e4 porukalla. Ensin tarvitaan tahtoa ja visiota. Keskustalla on aikaa oppositiossa.<\/p>\n\n\n\n<p>On aika rep\u00e4ist\u00e4 raikkaalla otteella visioita tulevaisuuteen. On aika aloittaa aluepoliittiset avaukset, joita helsinkil\u00e4inenkin haluaa.<\/p>\n","protected":false},"excerpt":{"rendered":"<p>Stadilainen frendini on perinteisesti vihreiden \u00e4\u00e4nest\u00e4j\u00e4. Er\u00e4\u00e4n\u00e4 p\u00e4iv\u00e4n\u00e4 h\u00e4n oli turhautunut ja h\u00e4n halusi avautua \u2013 aluepolitiikasta. Yll\u00e4tyin. H\u00e4n kakisti sen ulos suoraan ja anellen. Ongelma oli t\u00e4m\u00e4: kaikki kev\u00e4\u00e4n autojunat Kolariin olivat j\u00e4lleen loppuunmyytyj\u00e4. Yst\u00e4v\u00e4ni yll\u00e4tti haastamalla: \u201dVoisitteko edes te kepulaiset tehd\u00e4 jotain, ett\u00e4 t\u00e4ss\u00e4 maassa p\u00e4\u00e4sisi Leville junalla?\u201d Helsinkil\u00e4inenkin haaveilee siit\u00e4, ett\u00e4 keskustalla [&hellip;]<\/p>\n","protected":false},"author":822,"featured_media":0,"comment_status":"open","ping_status":"open","sticky":false,"template":"","format":"standard","meta":{"_acf_changed":false,"asauth_ispaid":"","asauth_cansharepaid":"","footnotes":""},"categories":[1],"tags":[],"class_list":["post-20","post","type-post","status-publish","format-standard","hentry","category-yleinen"],"acf":[],"sm_post_category_name":"Yleinen","sm_post_category_link":"https:\/\/www.suomenmaa.fi\/aleksi-koivisto\/category\/yleinen\/","sm_post_create_date_time":"1.11.2024 12.15","_links":{"self":[{"href":"https:\/\/www.suomenmaa.fi\/aleksi-koivisto\/wp-json\/wp\/v2\/posts\/20","targetHints":{"allow":["GET"]}}],"collection":[{"href":"https:\/\/www.suomenmaa.fi\/aleksi-koivisto\/wp-json\/wp\/v2\/posts"}],"about":[{"href":"https:\/\/www.suomenmaa.fi\/aleksi-koivisto\/wp-json\/wp\/v2\/types\/post"}],"author":[{"embeddable":true,"href":"https:\/\/www.suomenmaa.fi\/aleksi-koivisto\/wp-json\/wp\/v2\/users\/822"}],"replies":[{"embeddable":true,"href":"https:\/\/www.suomenmaa.fi\/aleksi-koivisto\/wp-json\/wp\/v2\/comments?post=20"}],"version-history":[{"count":0,"href":"https:\/\/www.suomenmaa.fi\/aleksi-koivisto\/wp-json\/wp\/v2\/posts\/20\/revisions"}],"wp:attachment":[{"href":"https:\/\/www.suomenmaa.fi\/aleksi-koivisto\/wp-json\/wp\/v2\/media?parent=20"}],"wp:term":[{"taxonomy":"category","embeddable":true,"href":"https:\/\/www.suomenmaa.fi\/aleksi-koivisto\/wp-json\/wp\/v2\/categories?post=20"},{"taxonomy":"post_tag","embeddable":true,"href":"https:\/\/www.suomenmaa.fi\/aleksi-koivisto\/wp-json\/wp\/v2\/tags?post=20"}],"curies":[{"name":"wp","href":"https:\/\/api.w.org\/{rel}","templated":true}]}},{"id":15,"date":"2024-02-12T15:28:43","date_gmt":"2024-02-12T13:28:43","guid":{"rendered":"https:\/\/www.suomenmaa.fi\/aleksi-koivisto\/?p=15"},"modified":"2024-02-12T15:46:03","modified_gmt":"2024-02-12T13:46:03","slug":"kuka-olisi-citymaalaisten-asialla","status":"publish","type":"post","link":"https:\/\/www.suomenmaa.fi\/aleksi-koivisto\/kuka-olisi-citymaalaisten-asialla\/","title":{"rendered":"Kuka olisi citymaalaisten asialla?"},"content":{"rendered":"\n<p>Suomalainen aluepolitiikka on ummehtunutta. Olemme aluepolitiikan taantumassa ja ajassa, joka tarvitsisi visioita ja avauksia koko Suomen kehitt\u00e4miseksi.<\/p>\n\n\n\n<p>Aluepolitiikka on 2020-luvun kriiseiss\u00e4 ja myrskyiss\u00e4 muutospaineiden \u00e4\u00e4rell\u00e4. Vanhaan ei voida palata. Vanhat instituutiot, kuten suurimmat puolueet ja ministeri\u00f6t eiv\u00e4t aluepolitiikkaa tue. <\/p>\n\n\n\n<p>Helsingiss\u00e4 laaditut visiopaperit ja strategiaprosessit eiv\u00e4t muutu alueiden Suomessa resurssijaoksi, kokeiluiksi tai toiminnaksi. Politiikkaa muuttuu ja alueet muuttuvat, my\u00f6s aluepolitiikan tulee muuttua.<\/p>\n\n\n\n<p>Olisiko keskustalainen ratkaisu koukata identiteetin kautta kohti alueiden \u00e4\u00e4nest\u00e4ji\u00e4?<\/p>\n\n\n\n<p><span class=\"korostus\">Toimittaja-kirjailija<\/span> <strong>Anne Lampinen<\/strong> julkaisi viime viikolla Into Kustannus Oy:n Cityihmiset landella-tietokirjan. Teoksessa 12 citymaalaista kertoo omintakeisesta tavastaan el\u00e4\u00e4 maaseudulla ja kokemuksiaan citymaalaisuudesta.<\/p>\n\n\n\n<p>Mukana my\u00f6s ehtaa faktaa maaseudusta tutkimusten, artikkeleiden ja haastatteluiden muodossa. Koronapandemia pakotti ty\u00f6nantajat vapauttamaan et\u00e4ty\u00f6n. Toimihenkil\u00f6t vapautettiin kaupunkien toimistop\u00f6ytien kahleista ja moni suuntasi et\u00e4t\u00f6ihin m\u00f6keille. 40% suomalaisista voi tehd\u00e4 et\u00e4ty\u00f6t\u00e4.<\/p>\n\n\n\n<p>Pandemian j\u00e4lkeinen landemia tasasi Suomen sis\u00e4ist\u00e4 v\u00e4est\u00f6kehityst\u00e4. T\u00e4t\u00e4 kirja analysoi.<\/p>\n\n\n\n<p><span class=\"korostus\">Moni<\/span> muutti mummulan l\u00e4helle maakuntien Suomeen, saaristokyliin kausiksi, kohti tunturikyli\u00e4 Lappiin tai Uudellemaalle uusiin kotikyliin.<\/p>\n\n\n\n<p>Naistenlehtien etusivuja t\u00e4ydent\u00e4v\u00e4t tarinat maallemuutosta, kes\u00e4lampaista ja seuraavan sukupolven m\u00f6kkiunelmista. Helsinki-keskeisen valtamedian hiipuessa sosiaalisen median vaikuttajat ja uudet esikuvat ovat n\u00e4ytt\u00e4neet mallia monelle nuorelle.<\/p>\n\n\n\n<p>El\u00e4misen edellytyksi\u00e4 tosiaan on muuallakin, kuin Helsingiss\u00e4, Turussa tai Tampereella. Maallemuuton trendi alkoi ja syntyi my\u00f6s uusi identiteettiryhm\u00e4: citymaalaiset suomalaiset.&nbsp;<\/p>\n\n\n\n<p>Jyrkkien vastakkainasettelujen aikana citymaalaisuus on raikasta vastavoimaa. Se heijastelee monien identiteetti\u00e4, jotka kokevat itsens\u00e4 sek\u00e4 maalaisiksi ett\u00e4 kaupunkilaiseksi.<\/p>\n\n\n\n<p>Keskustalaisen arvomaailman juurevat ihanteet n\u00e4kyv\u00e4t citymaalaisuudessa: l\u00e4mmin naapuriapu, luontoyhteys, paikallisuus, kohtuullisuus kaikessa, yhteis\u00f6llinen asioiden hoito ja ylisukupolvinen tekeminen yhdess\u00e4.&nbsp;<\/p>\n\n\n\n<blockquote class=\"wp-block-quote is-layout-flow wp-block-quote-is-layout-flow\">\n<p>Puolustamme pient\u00e4 ja paikallista. Ett\u00e4 saisi edes jonkinlaiset l\u00e4hipalvelut omien veroeurojen vastineeksi.<\/p>\n<\/blockquote>\n\n\n\n<p><span class=\"korostus\">Ei kaupungeillakaan<\/span> pian hyvin mene. Suomen suurin muuttoliike on taivaaseen. Nuoret ja lapsiperheet ovat kysytty\u00e4 tavaraa, ja osaajapulasta k\u00e4rsit\u00e4\u00e4n kaikkialla.<\/p>\n\n\n\n<p>Yh\u00e4 harvempi muuttaa maalle ty\u00f6n per\u00e4ss\u00e4. Alueellisen opintolainahyvityksen kokeilun kaltaisia kannustimia ja porkkanoita on ollut vaikea saada poliittisessa p\u00e4\u00e4t\u00f6ksenteossa. &nbsp;<\/p>\n\n\n\n<p>Citymaalainen haluaa purkaa vastakkainasettelua, haluaa puhkoa kuplia ja rakentaa siltoja. Citymaalainen haluaa muuttaa m\u00f6kist\u00e4 kodin ja tehd\u00e4 kiinteist\u00f6n k\u00e4ytt\u00f6tarpeen muutoksen.<\/p>\n\n\n\n<p>Suurten megayksik\u00f6iden sijaan halutaan puolustaa oman kyl\u00e4n koulua, kauppaa, pys\u00e4kki\u00e4 ja tiet\u00e4. Puolustamme pient\u00e4 ja paikallista. Ett\u00e4 saisi edes jonkinlaiset l\u00e4hipalvelut omien veroeurojen vastineeksi.<\/p>\n\n\n\n<p>Citymaalainen haluaa pit\u00e4\u00e4 kotimaisen maaseudun elinvoimaisena ja s\u00e4ilytt\u00e4\u00e4 sen monimuotoisuuden. Kutsua kaupunkilaisia maalle. Vied\u00e4 maaseudun asiaa kaupunkeihin.&nbsp;<\/p>\n\n\n\n<p><span class=\"korostus\">Suomen maaseudulla<\/span> asuu edelleen per\u00e4ti 1,5 miljoonaa ihmist\u00e4. Keskustaa \u00e4\u00e4nesti koko Suomessa 349 640 suomalaista kev\u00e4\u00e4n 2023 eduskuntavaaleissa.<\/p>\n\n\n\n<p>Monipaikkaisuus on monelle el\u00e4m\u00e4ntapa, citymaalaisuus on yh\u00e4 useammalle identiteetti.<\/p>\n\n\n\n<p>EVA:n arvo- ja asennetutkimuksen mukaan (10\/2022) meist\u00e4 suomalaisista 29% kokee olevansa sek\u00e4 maalaisia ett\u00e4 kaupunkilaisia. Se on valtava v\u00e4est\u00f6ryhm\u00e4 \u00e4\u00e4nest\u00e4ji\u00e4.&nbsp;<\/p>\n","protected":false},"excerpt":{"rendered":"<p>Suomalainen aluepolitiikka on ummehtunutta. Olemme aluepolitiikan taantumassa ja ajassa, joka tarvitsisi visioita ja avauksia koko Suomen kehitt\u00e4miseksi. Aluepolitiikka on 2020-luvun kriiseiss\u00e4 ja myrskyiss\u00e4 muutospaineiden \u00e4\u00e4rell\u00e4. Vanhaan ei voida palata. Vanhat instituutiot, kuten suurimmat puolueet ja ministeri\u00f6t eiv\u00e4t aluepolitiikkaa tue. Helsingiss\u00e4 laaditut visiopaperit ja strategiaprosessit eiv\u00e4t muutu alueiden Suomessa resurssijaoksi, kokeiluiksi tai toiminnaksi. Politiikkaa muuttuu ja [&hellip;]<\/p>\n","protected":false},"author":822,"featured_media":0,"comment_status":"open","ping_status":"open","sticky":false,"template":"","format":"standard","meta":{"_acf_changed":false,"asauth_ispaid":"","asauth_cansharepaid":"","footnotes":""},"categories":[1],"tags":[],"class_list":["post-15","post","type-post","status-publish","format-standard","hentry","category-yleinen"],"acf":[],"sm_post_category_name":"Yleinen","sm_post_category_link":"https:\/\/www.suomenmaa.fi\/aleksi-koivisto\/category\/yleinen\/","sm_post_create_date_time":"12.2.2024 15.28","_links":{"self":[{"href":"https:\/\/www.suomenmaa.fi\/aleksi-koivisto\/wp-json\/wp\/v2\/posts\/15","targetHints":{"allow":["GET"]}}],"collection":[{"href":"https:\/\/www.suomenmaa.fi\/aleksi-koivisto\/wp-json\/wp\/v2\/posts"}],"about":[{"href":"https:\/\/www.suomenmaa.fi\/aleksi-koivisto\/wp-json\/wp\/v2\/types\/post"}],"author":[{"embeddable":true,"href":"https:\/\/www.suomenmaa.fi\/aleksi-koivisto\/wp-json\/wp\/v2\/users\/822"}],"replies":[{"embeddable":true,"href":"https:\/\/www.suomenmaa.fi\/aleksi-koivisto\/wp-json\/wp\/v2\/comments?post=15"}],"version-history":[{"count":0,"href":"https:\/\/www.suomenmaa.fi\/aleksi-koivisto\/wp-json\/wp\/v2\/posts\/15\/revisions"}],"wp:attachment":[{"href":"https:\/\/www.suomenmaa.fi\/aleksi-koivisto\/wp-json\/wp\/v2\/media?parent=15"}],"wp:term":[{"taxonomy":"category","embeddable":true,"href":"https:\/\/www.suomenmaa.fi\/aleksi-koivisto\/wp-json\/wp\/v2\/categories?post=15"},{"taxonomy":"post_tag","embeddable":true,"href":"https:\/\/www.suomenmaa.fi\/aleksi-koivisto\/wp-json\/wp\/v2\/tags?post=15"}],"curies":[{"name":"wp","href":"https:\/\/api.w.org\/{rel}","templated":true}]}},{"id":7,"date":"2023-08-28T14:39:26","date_gmt":"2023-08-28T11:39:26","guid":{"rendered":"https:\/\/www.suomenmaa.fi\/aleksi-koivisto\/?p=7"},"modified":"2023-08-28T14:39:27","modified_gmt":"2023-08-28T11:39:27","slug":"kylakoulujen-kunnianpalautus-on-kaynnistymassa","status":"publish","type":"post","link":"https:\/\/www.suomenmaa.fi\/aleksi-koivisto\/kylakoulujen-kunnianpalautus-on-kaynnistymassa\/","title":{"rendered":"Kyl\u00e4koulujen kunnianpalautus on k\u00e4ynnistym\u00e4ss\u00e4\u00a0"},"content":{"rendered":"\n<p>Eduskuntavaaleissa 2019 ja 2023 toistui tuttu kaava. Median vaalikeskusteluissa, poliitikkojen paneelipuheissa ja puolueiden nostoista puuttui aluepolitiikka.<\/p>\n\n\n\n<p>Monen suomalaisen \u00e4\u00e4nest\u00e4j\u00e4n kotikyl\u00e4 on muuttunut vuosikymmeness\u00e4 isosti: se on kaupungistunut ja ruuhkautunut \u2013 tai hiljentynyt ja karsittu palveluista.<\/p>\n\n\n\n<p>Alueiden eriarvoistumisen yhteiskunnallinen keskustelu alkaa vasta vaalil\u00e4hetyksen iltana, kun vaalitulos on taululla.<\/p>\n\n\n\n<p>Alueiden kostoa ihmetell\u00e4\u00e4n ja maakuntien \u00e4\u00e4nest\u00e4jien protestointia yritet\u00e4\u00e4n ymm\u00e4rt\u00e4\u00e4 stadilaisen tutkijan tulkinnoilla. Kotisohvilla mutistaan. <\/p>\n\n\n\n<p><span class=\"korostus\">Aluepoliittinen<\/span> valinta olisi tunnistaa maaseudun tilanne ja purkaa eriarvoisuutta. <\/p>\n\n\n\n<p>Peruskoulu on sivistysvaltion kivijalka. On tosiasia, ett\u00e4 lapset el\u00e4v\u00e4t nyt erilaista kotiseutujen todellisuutta. Vuonna 2006 poistettiin kuntien pienkoululis\u00e4, joka ohjasi perusopetuksen resursseja my\u00f6s pitkien v\u00e4limatkojen oppilaille maaseudulla.<\/p>\n\n\n\n<p>Suomen lasten PISA-tulokset ovat heikentyneet ja alueelliset erot ovat kasvaneet siit\u00e4 vuodesta alkaen.<\/p>\n\n\n\n<p>Vuonna 2015 Suomen PISA-aineistossa havaittiin suurempia alueellisia eroja kuin koskaan aiemmin.<\/p>\n\n\n\n<p>Suomen Kyl\u00e4t ry julkaisi <em>Kyl\u00e4koulujen pelastuspaketin<\/em> 2022 marraskuussa. Sen mukaan viel\u00e4 vuonna 2000 Suomessa oli vajaa 1300 alle 50 oppilaan l\u00e4hikoulua.<\/p>\n\n\n\n<p>N\u00e4it\u00e4 pieni\u00e4 l\u00e4hikouluja on nyt alle 100. Lakkautuksia on perusteltu s\u00e4\u00e4st\u00f6syill\u00e4, joita ei ole tutkitusti saavutettu.<\/p>\n\n\n\n<p><span class=\"korostus\">Yli<\/span> puolet Suomen peruskouluista on lakkautettu viimeisen kolmenkymmenen vuoden aikana kohdistuen erityisesti maaseudun l\u00e4hikouluverkkoon, joka on supistunut yli 90 prosenttia. <\/p>\n\n\n\n<p>Kyl\u00e4koulujen ratkaisut menev\u00e4t ihmisill\u00e4 tunteisiin. Ne ovat kuntavaaleissa monelle poliitikoille poliittista polttoainetta.<\/p>\n\n\n\n<p>L\u00e4nsimainen kiireinen hyv\u00e4osainen ihminen osaa arvostaa montaa asiaa vasta, kun sen on menett\u00e4m\u00e4ss\u00e4. Monen arkij\u00e4rkeen ei mene lakkauttaa elinkelpoista kyl\u00e4koulua ja laittaa pikkureppuja taksiralliin.<\/p>\n\n\n\n<p><span class=\"korostus\">Olen<\/span> \u00c4ht\u00e4riss\u00e4 2010-luvun aikana ollut n\u00e4kem\u00e4ss\u00e4, kun kunta lakkauttaa viisi kyl\u00e4koulua vuosikymmeness\u00e4.<\/p>\n\n\n\n<p>Is\u00e4ni on k\u00e4ynyt Myllym\u00e4en idyllist\u00e4 kyl\u00e4koulua. Sen yll\u00e4 on jo tummia pilvi\u00e4, mutta aktiiviset myllym\u00e4kel\u00e4iset kyl\u00e4aktiiviset eiv\u00e4t anna periksi. Kyl\u00e4l\u00e4iset puolustavat kyl\u00e4koulun jatkoa.<\/p>\n\n\n\n<p>Elinkelpoisen kyl\u00e4koulun menetys on shokki koko kyl\u00e4yhteis\u00f6lle. Se laittaa ihmiset liikkeelle ja toimimaan.<\/p>\n\n\n\n<p>Liikett\u00e4 ja joukkovoimaa n\u00e4kee eri puolilla Suomea. Arvostus kyl\u00e4kouluja kohtaan nousee vanhempien silmiss\u00e4.<\/p>\n\n\n\n<blockquote class=\"wp-block-quote is-layout-flow wp-block-quote-is-layout-flow\"><p>Kyl\u00e4koulujen resurssien vahvistamiseen ei ole l\u00f6ytynyt poliittista tahtotilaa vuoden 2006 j\u00e4lkeen, ei nytk\u00e4\u00e4n.<\/p><\/blockquote>\n\n\n\n<p><span class=\"korostus\">Mitk\u00e4<\/span> tekij\u00e4t ovat heikentyneiden PISA-tutkimusten takana? Ovatko suuremmat kouluyksik\u00f6t ja megakoulut vahvistaneet koulurauhaa?<\/p>\n\n\n\n<p>Vanhemmat vastustavat 800 pikkurepun suurkouluja. Moni kokee, ett\u00e4 suurkoulussa yhteis\u00f6llisyys on karannut ja keskittyminenkin heikentynyt.<\/p>\n\n\n\n<p>Eurokonsulttien laskelmia s\u00e4\u00e4st\u00f6ist\u00e4 tarjoillaan kuntap\u00e4\u00e4tt\u00e4jille. Osa uskoo, osa ei.<\/p>\n\n\n\n<p>Viime k\u00e4dess\u00e4 vahvin kyl\u00e4koulun puolustaja on kuntap\u00e4\u00e4tt\u00e4j\u00e4. Poliittisella tahdolla monelle kyl\u00e4koululle on annettu t\u00e4rke\u00e4 lis\u00e4aika. <\/p>\n\n\n\n<p>Koulujen lakkautusaalto ei ole tuonut toivottuja s\u00e4\u00e4st\u00f6j\u00e4 kunnille ja perusopetuksen k\u00e4ytt\u00f6kustannukset ovat nousseet koko ajan lakkautuksista huolimatta.<\/p>\n\n\n\n<p>Etenkin maaseudulla palvelut ja toiminnot tukevat toisiaan, mink\u00e4 vuoksi kyl\u00e4koululla on kokoaan suurempi vaikutin alueensa vetovoimaisuudelle ja yhteis\u00f6llisyydelle.<\/p>\n\n\n\n<p>Tutkitusti maaseudun l\u00e4hikoulun lakkautus on vaikuttanut kielteisesti paikalliseen v\u00e4est\u00f6kehitykseen. <\/p>\n\n\n\n<p><span class=\"korostus\">Valta<\/span> vaihtui ja valtakapula on nyt <strong>Orpon<\/strong> ja <strong>Purran<\/strong> hallitusporukalla.&nbsp;&nbsp;Syntyvyys on heikentynyt ja ik\u00e4luokat ovat pienentyneet.<\/p>\n\n\n\n<p>P\u00e4\u00e4kaupunkiseudun oppilaiden PISA-tulokset ovat selv\u00e4sti muuta maata parempia. Tarvittaisiin toimenpiteit\u00e4 ja ratkaisuja kyl\u00e4koulujen kohtaloon.<\/p>\n\n\n\n<p>Orpon hallitusohjelman leikkaukset uhkaavat kuntataloutta maaseudulla. S\u00e4\u00e4tytalolla neuvoteltiin kyll\u00e4 maaseudun l\u00e4hikoululis\u00e4st\u00e4 maaseudun pikkureppujen tueksi, mutta hallitusohjelmaan sit\u00e4 ei saatu.<\/p>\n\n\n\n<p>Kyl\u00e4koulujen resurssien vahvistamiseen ei ole l\u00f6ytynyt poliittista tahtotilaa vuoden 2006 j\u00e4lkeen, ei nytk\u00e4\u00e4n.<\/p>\n\n\n\n<p>P\u00e4\u00e4tt\u00e4jilt\u00e4 tarvitaan nyt viisautta ja voimaa on turvata resursseja my\u00f6s maaseudun pikkurepuille.&nbsp;<\/p>\n","protected":false},"excerpt":{"rendered":"<p>Eduskuntavaaleissa 2019 ja 2023 toistui tuttu kaava. Median vaalikeskusteluissa, poliitikkojen paneelipuheissa ja puolueiden nostoista puuttui aluepolitiikka. Monen suomalaisen \u00e4\u00e4nest\u00e4j\u00e4n kotikyl\u00e4 on muuttunut vuosikymmeness\u00e4 isosti: se on kaupungistunut ja ruuhkautunut \u2013 tai hiljentynyt ja karsittu palveluista. Alueiden eriarvoistumisen yhteiskunnallinen keskustelu alkaa vasta vaalil\u00e4hetyksen iltana, kun vaalitulos on taululla. Alueiden kostoa ihmetell\u00e4\u00e4n ja maakuntien \u00e4\u00e4nest\u00e4jien protestointia yritet\u00e4\u00e4n [&hellip;]<\/p>\n","protected":false},"author":822,"featured_media":0,"comment_status":"open","ping_status":"open","sticky":false,"template":"","format":"standard","meta":{"_acf_changed":false,"asauth_ispaid":"","asauth_cansharepaid":"","footnotes":""},"categories":[1],"tags":[],"class_list":["post-7","post","type-post","status-publish","format-standard","hentry","category-yleinen"],"acf":[],"sm_post_category_name":"Yleinen","sm_post_category_link":"https:\/\/www.suomenmaa.fi\/aleksi-koivisto\/category\/yleinen\/","sm_post_create_date_time":"28.8.2023 14.39","_links":{"self":[{"href":"https:\/\/www.suomenmaa.fi\/aleksi-koivisto\/wp-json\/wp\/v2\/posts\/7","targetHints":{"allow":["GET"]}}],"collection":[{"href":"https:\/\/www.suomenmaa.fi\/aleksi-koivisto\/wp-json\/wp\/v2\/posts"}],"about":[{"href":"https:\/\/www.suomenmaa.fi\/aleksi-koivisto\/wp-json\/wp\/v2\/types\/post"}],"author":[{"embeddable":true,"href":"https:\/\/www.suomenmaa.fi\/aleksi-koivisto\/wp-json\/wp\/v2\/users\/822"}],"replies":[{"embeddable":true,"href":"https:\/\/www.suomenmaa.fi\/aleksi-koivisto\/wp-json\/wp\/v2\/comments?post=7"}],"version-history":[{"count":0,"href":"https:\/\/www.suomenmaa.fi\/aleksi-koivisto\/wp-json\/wp\/v2\/posts\/7\/revisions"}],"wp:attachment":[{"href":"https:\/\/www.suomenmaa.fi\/aleksi-koivisto\/wp-json\/wp\/v2\/media?parent=7"}],"wp:term":[{"taxonomy":"category","embeddable":true,"href":"https:\/\/www.suomenmaa.fi\/aleksi-koivisto\/wp-json\/wp\/v2\/categories?post=7"},{"taxonomy":"post_tag","embeddable":true,"href":"https:\/\/www.suomenmaa.fi\/aleksi-koivisto\/wp-json\/wp\/v2\/tags?post=7"}],"curies":[{"name":"wp","href":"https:\/\/api.w.org\/{rel}","templated":true}]}}]